{"id":16130,"date":"2023-09-18T17:38:00","date_gmt":"2023-09-18T17:38:00","guid":{"rendered":"https:\/\/www.vielca.com\/unkategorisiert\/die-baustelle-von-der-erweiterung-von-den-krankenhaeusern-von-chiquimula-und-solola-wird-begonnen"},"modified":"2025-07-31T10:24:39","modified_gmt":"2025-07-31T10:24:39","slug":"die-baustelle-von-der-erweiterung-von-den-krankenhaeusern-von-chiquimula-und-solola-wird-begonnen","status":"publish","type":"post","link":"https:\/\/www.vielca.com\/de\/noticias-de\/die-baustelle-von-der-erweiterung-von-den-krankenhaeusern-von-chiquimula-und-solola-wird-begonnen","title":{"rendered":"DIE BAUSTELLE VON DER ERWEITERUNG VON DEN KRANKENH\u00c4USERN VON CHIQUIMULA UND SOLOLA WIRD BEGONNEN"},"content":{"rendered":"\n<p>In Chiquimula und Solola wurde ein spannender Durchbruch bei der Verbesserung der medizinischen Versorgung erzielt. Als Reaktion auf die steigende Nachfrage nach Gesundheitsdienstleistungen wurde mit der Erweiterung der Krankenh\u00e4user in beiden Abteilungen begonnen.<\/p>\n\n<p>Beraterin Irayda Ruiz berichtete \u00fcber die wichtigsten Details dieser Initiative. In Chiquimula wird die Bettenkapazit\u00e4t von 170 auf 214 erh\u00f6ht, w\u00e4hrend in Solola von 123 auf 268 Betten verdoppelt wird.<\/p>\n\n<p>Die gesch\u00e4tzte Investition f\u00fcr das Krankenhaus von Chiquimula betr\u00e4gt USD 33.641.077.93 und f\u00fcr das Krankenhaus von Solola USD 35,127.961.85, die teilweise durch ein Darlehen der Zentralamerikanischen Bank f\u00fcr wirtschaftliche Integration finanziert werden.<\/p>\n\n<p>Dieses Projekt stellt einen vollst\u00e4ndigen Umbau der Krankenhausinfrastruktur dar. In Chiquimula werden weitere 10.500 Quadratmeter gebaut, und in Solola wurden Abschnitte abgerissen, um 14.457 neue Quadratmeter zu schaffen.<\/p>\n\n<p>Zur Beschleunigung der Bauarbeiten wird eine FastTrack-Methodik verwendet, so dass die Hauptarbeiten zwischen Juli und August 2024 abgeschlossen werden k\u00f6nnen.<\/p>\n\n<p>Die Erweiterungen werden getrennte Notfallbereiche, diagnostische Einrichtungen, Laboratorien, Radiologie und gut ausgestattete Operationss\u00e4le umfassen. Dieses Projekt stellt eine erhebliche Verbesserung der medizinischen Versorgung sowohl auf Departementsebene als auch auf regionaler Ebene dar.<\/p>\n\n<p>Mit den Worten von Irayda Ruiz: &#8222;Jeder Quetzal dieser Projekte wurde gut in etwas investiert, das unbezahlbar ist: die Gesundheit der guatemaltekischen Bev\u00f6lkerung.&#8220;<\/p>\n\n<div class=\"wp-block-group has-medium-font-size is-vertical is-content-justification-center is-nowrap is-layout-flex wp-container-core-group-is-layout-fc169830 wp-block-group-is-layout-flex\">\n<figure class=\"wp-block-video aligncenter\"><video height=\"480\" style=\"aspect-ratio: 848 \/ 480;\" width=\"848\" controls=\"\" src=\"https:\/\/www.vielca.com\/wp-content\/uploads\/2023\/09\/SOLOLA.mp4\" playsinline=\"\"><\/video><\/figure>\n<\/div>\n","protected":false},"excerpt":{"rendered":"<p>In Chiquimula und Solola wurde ein spannender Durchbruch bei der Verbesserung der medizinischen Versorgung erzielt. Als Reaktion auf die steigende Nachfrage nach Gesundheitsdienstleistungen wurde mit der Erweiterung der Krankenh\u00e4user in beiden Abteilungen begonnen. Beraterin Irayda Ruiz berichtete \u00fcber die wichtigsten Details dieser Initiative. In Chiquimula wird die Bettenkapazit\u00e4t von 170 auf 214 erh\u00f6ht, w\u00e4hrend in [&hellip;]<\/p>\n","protected":false},"author":1,"featured_media":15196,"comment_status":"closed","ping_status":"closed","sticky":false,"template":"","format":"standard","meta":{"footnotes":""},"categories":[269,243],"tags":[],"class_list":["post-16130","post","type-post","status-publish","format-standard","has-post-thumbnail","hentry","category-noticias-de","category-unkategorisiert"],"yoast_head":"<!-- This site is optimized with the Yoast SEO plugin v25.9 - https:\/\/yoast.com\/wordpress\/plugins\/seo\/ -->\r\n<title>DIE BAUSTELLE VON DER ERWEITERUNG VON DEN KRANKENH\u00c4USERN VON CHIQUIMULA UND SOLOLA WIRD BEGONNEN - Vielca Ingenieros<\/title>\r\n<meta name=\"description\" content=\"Als Reaktion auf die steigende Nachfrage nach Gesundheitsdienstleistungen wurde mit der Erweiterung der Krankenh\u00e4user in beiden Abteilungen begonnen.\" \/>\r\n<meta name=\"robots\" content=\"index, follow, max-snippet:-1, max-image-preview:large, max-video-preview:-1\" \/>\r\n<link rel=\"canonical\" href=\"https:\/\/www.vielca.com\/de\/noticias-de\/die-baustelle-von-der-erweiterung-von-den-krankenhaeusern-von-chiquimula-und-solola-wird-begonnen\" \/>\r\n<meta property=\"og:locale\" content=\"de_DE\" \/>\r\n<meta property=\"og:type\" content=\"article\" \/>\r\n<meta property=\"og:title\" content=\"DIE BAUSTELLE VON DER ERWEITERUNG VON DEN KRANKENH\u00c4USERN VON CHIQUIMULA UND SOLOLA WIRD BEGONNEN - Vielca Ingenieros\" \/>\r\n<meta property=\"og:description\" content=\"Als Reaktion auf die steigende Nachfrage nach Gesundheitsdienstleistungen wurde mit der Erweiterung der Krankenh\u00e4user in beiden Abteilungen begonnen.\" \/>\r\n<meta property=\"og:url\" content=\"https:\/\/www.vielca.com\/de\/noticias-de\/die-baustelle-von-der-erweiterung-von-den-krankenhaeusern-von-chiquimula-und-solola-wird-begonnen\" \/>\r\n<meta property=\"og:site_name\" content=\"Vielca Ingenieros\" \/>\r\n<meta property=\"article:published_time\" content=\"2023-09-18T17:38:00+00:00\" \/>\r\n<meta property=\"article:modified_time\" content=\"2025-07-31T10:24:39+00:00\" \/>\r\n<meta property=\"og:image\" content=\"https:\/\/www.vielca.com\/wp-content\/uploads\/2023\/09\/Copia-de-SOLOLA-1.jpeg\" \/>\r\n\t<meta property=\"og:image:width\" content=\"1600\" \/>\r\n\t<meta property=\"og:image:height\" content=\"1200\" \/>\r\n\t<meta property=\"og:image:type\" content=\"image\/jpeg\" \/>\r\n<meta name=\"author\" content=\"Vielca\" \/>\r\n<meta name=\"twitter:card\" content=\"summary_large_image\" \/>\r\n<meta name=\"twitter:label1\" content=\"Verfasst von\" \/>\n\t<meta name=\"twitter:data1\" content=\"Vielca\" \/>\n\t<meta name=\"twitter:label2\" content=\"Gesch\u00e4tzte Lesezeit\" \/>\n\t<meta name=\"twitter:data2\" content=\"1\u00a0Minute\" \/>\r\n<script type=\"application\/ld+json\" class=\"yoast-schema-graph\">{\"@context\":\"https:\/\/schema.org\",\"@graph\":[{\"@type\":\"Article\",\"@id\":\"https:\/\/www.vielca.com\/de\/noticias-de\/die-baustelle-von-der-erweiterung-von-den-krankenhaeusern-von-chiquimula-und-solola-wird-begonnen#article\",\"isPartOf\":{\"@id\":\"https:\/\/www.vielca.com\/de\/noticias-de\/die-baustelle-von-der-erweiterung-von-den-krankenhaeusern-von-chiquimula-und-solola-wird-begonnen\"},\"author\":{\"name\":\"Vielca\",\"@id\":\"https:\/\/www.vielca.com\/de#\/schema\/person\/335b1a232be3346bf083ffa8038e9d3b\"},\"headline\":\"DIE BAUSTELLE VON DER ERWEITERUNG VON DEN KRANKENH\u00c4USERN VON CHIQUIMULA UND SOLOLA WIRD BEGONNEN\",\"datePublished\":\"2023-09-18T17:38:00+00:00\",\"dateModified\":\"2025-07-31T10:24:39+00:00\",\"mainEntityOfPage\":{\"@id\":\"https:\/\/www.vielca.com\/de\/noticias-de\/die-baustelle-von-der-erweiterung-von-den-krankenhaeusern-von-chiquimula-und-solola-wird-begonnen\"},\"wordCount\":217,\"publisher\":{\"@id\":\"https:\/\/www.vielca.com\/de#organization\"},\"image\":{\"@id\":\"https:\/\/www.vielca.com\/de\/noticias-de\/die-baustelle-von-der-erweiterung-von-den-krankenhaeusern-von-chiquimula-und-solola-wird-begonnen#primaryimage\"},\"thumbnailUrl\":\"https:\/\/www.vielca.com\/wp-content\/uploads\/2023\/09\/Copia-de-SOLOLA-1.jpeg\",\"articleSection\":[\"Noticias\",\"Unkategorisiert\"],\"inLanguage\":\"de\"},{\"@type\":\"WebPage\",\"@id\":\"https:\/\/www.vielca.com\/de\/noticias-de\/die-baustelle-von-der-erweiterung-von-den-krankenhaeusern-von-chiquimula-und-solola-wird-begonnen\",\"url\":\"https:\/\/www.vielca.com\/de\/noticias-de\/die-baustelle-von-der-erweiterung-von-den-krankenhaeusern-von-chiquimula-und-solola-wird-begonnen\",\"name\":\"DIE BAUSTELLE VON DER ERWEITERUNG VON DEN KRANKENH\u00c4USERN VON CHIQUIMULA UND SOLOLA WIRD BEGONNEN - Vielca Ingenieros\",\"isPartOf\":{\"@id\":\"https:\/\/www.vielca.com\/de#website\"},\"primaryImageOfPage\":{\"@id\":\"https:\/\/www.vielca.com\/de\/noticias-de\/die-baustelle-von-der-erweiterung-von-den-krankenhaeusern-von-chiquimula-und-solola-wird-begonnen#primaryimage\"},\"image\":{\"@id\":\"https:\/\/www.vielca.com\/de\/noticias-de\/die-baustelle-von-der-erweiterung-von-den-krankenhaeusern-von-chiquimula-und-solola-wird-begonnen#primaryimage\"},\"thumbnailUrl\":\"https:\/\/www.vielca.com\/wp-content\/uploads\/2023\/09\/Copia-de-SOLOLA-1.jpeg\",\"datePublished\":\"2023-09-18T17:38:00+00:00\",\"dateModified\":\"2025-07-31T10:24:39+00:00\",\"description\":\"Als Reaktion auf die steigende Nachfrage nach Gesundheitsdienstleistungen wurde mit der Erweiterung der Krankenh\u00e4user in beiden Abteilungen begonnen.\",\"breadcrumb\":{\"@id\":\"https:\/\/www.vielca.com\/de\/noticias-de\/die-baustelle-von-der-erweiterung-von-den-krankenhaeusern-von-chiquimula-und-solola-wird-begonnen#breadcrumb\"},\"inLanguage\":\"de\",\"potentialAction\":[{\"@type\":\"ReadAction\",\"target\":[\"https:\/\/www.vielca.com\/de\/noticias-de\/die-baustelle-von-der-erweiterung-von-den-krankenhaeusern-von-chiquimula-und-solola-wird-begonnen\"]}]},{\"@type\":\"ImageObject\",\"inLanguage\":\"de\",\"@id\":\"https:\/\/www.vielca.com\/de\/noticias-de\/die-baustelle-von-der-erweiterung-von-den-krankenhaeusern-von-chiquimula-und-solola-wird-begonnen#primaryimage\",\"url\":\"https:\/\/www.vielca.com\/wp-content\/uploads\/2023\/09\/Copia-de-SOLOLA-1.jpeg\",\"contentUrl\":\"https:\/\/www.vielca.com\/wp-content\/uploads\/2023\/09\/Copia-de-SOLOLA-1.jpeg\",\"width\":1600,\"height\":1200},{\"@type\":\"BreadcrumbList\",\"@id\":\"https:\/\/www.vielca.com\/de\/noticias-de\/die-baustelle-von-der-erweiterung-von-den-krankenhaeusern-von-chiquimula-und-solola-wird-begonnen#breadcrumb\",\"itemListElement\":[{\"@type\":\"ListItem\",\"position\":1,\"name\":\"Portada\",\"item\":\"https:\/\/www.vielca.com\/de\/homepage\"},{\"@type\":\"ListItem\",\"position\":2,\"name\":\"DIE BAUSTELLE VON DER ERWEITERUNG VON DEN KRANKENH\u00c4USERN VON CHIQUIMULA UND SOLOLA WIRD BEGONNEN\"}]},{\"@type\":\"WebSite\",\"@id\":\"https:\/\/www.vielca.com\/de#website\",\"url\":\"https:\/\/www.vielca.com\/de\",\"name\":\"Vielca Ingenieros\",\"description\":\"El referente en la ingenier\u00eda\",\"publisher\":{\"@id\":\"https:\/\/www.vielca.com\/de#organization\"},\"potentialAction\":[{\"@type\":\"SearchAction\",\"target\":{\"@type\":\"EntryPoint\",\"urlTemplate\":\"https:\/\/www.vielca.com\/de?s={search_term_string}\"},\"query-input\":{\"@type\":\"PropertyValueSpecification\",\"valueRequired\":true,\"valueName\":\"search_term_string\"}}],\"inLanguage\":\"de\"},{\"@type\":\"Organization\",\"@id\":\"https:\/\/www.vielca.com\/de#organization\",\"name\":\"Vielca Ingenieros\",\"url\":\"https:\/\/www.vielca.com\/de\",\"logo\":{\"@type\":\"ImageObject\",\"inLanguage\":\"de\",\"@id\":\"https:\/\/www.vielca.com\/de#\/schema\/logo\/image\/\",\"url\":\"https:\/\/www.vielca.com\/wp-content\/uploads\/2022\/10\/VIELCA-INGENIEROS-logotipo.png\",\"contentUrl\":\"https:\/\/www.vielca.com\/wp-content\/uploads\/2022\/10\/VIELCA-INGENIEROS-logotipo.png\",\"width\":1527,\"height\":477,\"caption\":\"Vielca Ingenieros\"},\"image\":{\"@id\":\"https:\/\/www.vielca.com\/de#\/schema\/logo\/image\/\"},\"sameAs\":[\"https:\/\/www.linkedin.com\/company\/vielca-ingenieros-s.a.\",\"https:\/\/www.instagram.com\/vielca_ingenieros\/\"]},{\"@type\":\"Person\",\"@id\":\"https:\/\/www.vielca.com\/de#\/schema\/person\/335b1a232be3346bf083ffa8038e9d3b\",\"name\":\"Vielca\",\"sameAs\":[\"https:\/\/www.vielca.com\"],\"url\":\"https:\/\/www.vielca.com\/de\/author\/vielca\"}]}<\/script>\r\n<!-- \/ Yoast SEO plugin. -->","yoast_head_json":{"title":"DIE BAUSTELLE VON DER ERWEITERUNG VON DEN KRANKENH\u00c4USERN VON CHIQUIMULA UND SOLOLA WIRD BEGONNEN - Vielca Ingenieros","description":"Als Reaktion auf die steigende Nachfrage nach Gesundheitsdienstleistungen wurde mit der Erweiterung der Krankenh\u00e4user in beiden Abteilungen begonnen.","robots":{"index":"index","follow":"follow","max-snippet":"max-snippet:-1","max-image-preview":"max-image-preview:large","max-video-preview":"max-video-preview:-1"},"canonical":"https:\/\/www.vielca.com\/de\/noticias-de\/die-baustelle-von-der-erweiterung-von-den-krankenhaeusern-von-chiquimula-und-solola-wird-begonnen","og_locale":"de_DE","og_type":"article","og_title":"DIE BAUSTELLE VON DER ERWEITERUNG VON DEN KRANKENH\u00c4USERN VON CHIQUIMULA UND SOLOLA WIRD BEGONNEN - Vielca Ingenieros","og_description":"Als Reaktion auf die steigende Nachfrage nach Gesundheitsdienstleistungen wurde mit der Erweiterung der Krankenh\u00e4user in beiden Abteilungen begonnen.","og_url":"https:\/\/www.vielca.com\/de\/noticias-de\/die-baustelle-von-der-erweiterung-von-den-krankenhaeusern-von-chiquimula-und-solola-wird-begonnen","og_site_name":"Vielca Ingenieros","article_published_time":"2023-09-18T17:38:00+00:00","article_modified_time":"2025-07-31T10:24:39+00:00","og_image":[{"width":1600,"height":1200,"url":"https:\/\/www.vielca.com\/wp-content\/uploads\/2023\/09\/Copia-de-SOLOLA-1.jpeg","type":"image\/jpeg"}],"author":"Vielca","twitter_card":"summary_large_image","twitter_misc":{"Verfasst von":"Vielca","Gesch\u00e4tzte Lesezeit":"1\u00a0Minute"},"schema":{"@context":"https:\/\/schema.org","@graph":[{"@type":"Article","@id":"https:\/\/www.vielca.com\/de\/noticias-de\/die-baustelle-von-der-erweiterung-von-den-krankenhaeusern-von-chiquimula-und-solola-wird-begonnen#article","isPartOf":{"@id":"https:\/\/www.vielca.com\/de\/noticias-de\/die-baustelle-von-der-erweiterung-von-den-krankenhaeusern-von-chiquimula-und-solola-wird-begonnen"},"author":{"name":"Vielca","@id":"https:\/\/www.vielca.com\/de#\/schema\/person\/335b1a232be3346bf083ffa8038e9d3b"},"headline":"DIE BAUSTELLE VON DER ERWEITERUNG VON DEN KRANKENH\u00c4USERN VON CHIQUIMULA UND SOLOLA WIRD BEGONNEN","datePublished":"2023-09-18T17:38:00+00:00","dateModified":"2025-07-31T10:24:39+00:00","mainEntityOfPage":{"@id":"https:\/\/www.vielca.com\/de\/noticias-de\/die-baustelle-von-der-erweiterung-von-den-krankenhaeusern-von-chiquimula-und-solola-wird-begonnen"},"wordCount":217,"publisher":{"@id":"https:\/\/www.vielca.com\/de#organization"},"image":{"@id":"https:\/\/www.vielca.com\/de\/noticias-de\/die-baustelle-von-der-erweiterung-von-den-krankenhaeusern-von-chiquimula-und-solola-wird-begonnen#primaryimage"},"thumbnailUrl":"https:\/\/www.vielca.com\/wp-content\/uploads\/2023\/09\/Copia-de-SOLOLA-1.jpeg","articleSection":["Noticias","Unkategorisiert"],"inLanguage":"de"},{"@type":"WebPage","@id":"https:\/\/www.vielca.com\/de\/noticias-de\/die-baustelle-von-der-erweiterung-von-den-krankenhaeusern-von-chiquimula-und-solola-wird-begonnen","url":"https:\/\/www.vielca.com\/de\/noticias-de\/die-baustelle-von-der-erweiterung-von-den-krankenhaeusern-von-chiquimula-und-solola-wird-begonnen","name":"DIE BAUSTELLE VON DER ERWEITERUNG VON DEN KRANKENH\u00c4USERN VON CHIQUIMULA UND SOLOLA WIRD BEGONNEN - Vielca Ingenieros","isPartOf":{"@id":"https:\/\/www.vielca.com\/de#website"},"primaryImageOfPage":{"@id":"https:\/\/www.vielca.com\/de\/noticias-de\/die-baustelle-von-der-erweiterung-von-den-krankenhaeusern-von-chiquimula-und-solola-wird-begonnen#primaryimage"},"image":{"@id":"https:\/\/www.vielca.com\/de\/noticias-de\/die-baustelle-von-der-erweiterung-von-den-krankenhaeusern-von-chiquimula-und-solola-wird-begonnen#primaryimage"},"thumbnailUrl":"https:\/\/www.vielca.com\/wp-content\/uploads\/2023\/09\/Copia-de-SOLOLA-1.jpeg","datePublished":"2023-09-18T17:38:00+00:00","dateModified":"2025-07-31T10:24:39+00:00","description":"Als Reaktion auf die steigende Nachfrage nach Gesundheitsdienstleistungen wurde mit der Erweiterung der Krankenh\u00e4user in beiden Abteilungen begonnen.","breadcrumb":{"@id":"https:\/\/www.vielca.com\/de\/noticias-de\/die-baustelle-von-der-erweiterung-von-den-krankenhaeusern-von-chiquimula-und-solola-wird-begonnen#breadcrumb"},"inLanguage":"de","potentialAction":[{"@type":"ReadAction","target":["https:\/\/www.vielca.com\/de\/noticias-de\/die-baustelle-von-der-erweiterung-von-den-krankenhaeusern-von-chiquimula-und-solola-wird-begonnen"]}]},{"@type":"ImageObject","inLanguage":"de","@id":"https:\/\/www.vielca.com\/de\/noticias-de\/die-baustelle-von-der-erweiterung-von-den-krankenhaeusern-von-chiquimula-und-solola-wird-begonnen#primaryimage","url":"https:\/\/www.vielca.com\/wp-content\/uploads\/2023\/09\/Copia-de-SOLOLA-1.jpeg","contentUrl":"https:\/\/www.vielca.com\/wp-content\/uploads\/2023\/09\/Copia-de-SOLOLA-1.jpeg","width":1600,"height":1200},{"@type":"BreadcrumbList","@id":"https:\/\/www.vielca.com\/de\/noticias-de\/die-baustelle-von-der-erweiterung-von-den-krankenhaeusern-von-chiquimula-und-solola-wird-begonnen#breadcrumb","itemListElement":[{"@type":"ListItem","position":1,"name":"Portada","item":"https:\/\/www.vielca.com\/de\/homepage"},{"@type":"ListItem","position":2,"name":"DIE BAUSTELLE VON DER ERWEITERUNG VON DEN KRANKENH\u00c4USERN VON CHIQUIMULA UND SOLOLA WIRD BEGONNEN"}]},{"@type":"WebSite","@id":"https:\/\/www.vielca.com\/de#website","url":"https:\/\/www.vielca.com\/de","name":"Vielca Ingenieros","description":"El referente en la ingenier\u00eda","publisher":{"@id":"https:\/\/www.vielca.com\/de#organization"},"potentialAction":[{"@type":"SearchAction","target":{"@type":"EntryPoint","urlTemplate":"https:\/\/www.vielca.com\/de?s={search_term_string}"},"query-input":{"@type":"PropertyValueSpecification","valueRequired":true,"valueName":"search_term_string"}}],"inLanguage":"de"},{"@type":"Organization","@id":"https:\/\/www.vielca.com\/de#organization","name":"Vielca Ingenieros","url":"https:\/\/www.vielca.com\/de","logo":{"@type":"ImageObject","inLanguage":"de","@id":"https:\/\/www.vielca.com\/de#\/schema\/logo\/image\/","url":"https:\/\/www.vielca.com\/wp-content\/uploads\/2022\/10\/VIELCA-INGENIEROS-logotipo.png","contentUrl":"https:\/\/www.vielca.com\/wp-content\/uploads\/2022\/10\/VIELCA-INGENIEROS-logotipo.png","width":1527,"height":477,"caption":"Vielca Ingenieros"},"image":{"@id":"https:\/\/www.vielca.com\/de#\/schema\/logo\/image\/"},"sameAs":["https:\/\/www.linkedin.com\/company\/vielca-ingenieros-s.a.","https:\/\/www.instagram.com\/vielca_ingenieros\/"]},{"@type":"Person","@id":"https:\/\/www.vielca.com\/de#\/schema\/person\/335b1a232be3346bf083ffa8038e9d3b","name":"Vielca","sameAs":["https:\/\/www.vielca.com"],"url":"https:\/\/www.vielca.com\/de\/author\/vielca"}]}},"_links":{"self":[{"href":"https:\/\/www.vielca.com\/de\/wp-json\/wp\/v2\/posts\/16130","targetHints":{"allow":["GET"]}}],"collection":[{"href":"https:\/\/www.vielca.com\/de\/wp-json\/wp\/v2\/posts"}],"about":[{"href":"https:\/\/www.vielca.com\/de\/wp-json\/wp\/v2\/types\/post"}],"author":[{"embeddable":true,"href":"https:\/\/www.vielca.com\/de\/wp-json\/wp\/v2\/users\/1"}],"replies":[{"embeddable":true,"href":"https:\/\/www.vielca.com\/de\/wp-json\/wp\/v2\/comments?post=16130"}],"version-history":[{"count":1,"href":"https:\/\/www.vielca.com\/de\/wp-json\/wp\/v2\/posts\/16130\/revisions"}],"predecessor-version":[{"id":16131,"href":"https:\/\/www.vielca.com\/de\/wp-json\/wp\/v2\/posts\/16130\/revisions\/16131"}],"wp:featuredmedia":[{"embeddable":true,"href":"https:\/\/www.vielca.com\/de\/wp-json\/wp\/v2\/media\/15196"}],"wp:attachment":[{"href":"https:\/\/www.vielca.com\/de\/wp-json\/wp\/v2\/media?parent=16130"}],"wp:term":[{"taxonomy":"category","embeddable":true,"href":"https:\/\/www.vielca.com\/de\/wp-json\/wp\/v2\/categories?post=16130"},{"taxonomy":"post_tag","embeddable":true,"href":"https:\/\/www.vielca.com\/de\/wp-json\/wp\/v2\/tags?post=16130"}],"curies":[{"name":"wp","href":"https:\/\/api.w.org\/{rel}","templated":true}]}}