{"id":16132,"date":"2023-10-27T11:48:27","date_gmt":"2023-10-27T11:48:27","guid":{"rendered":"https:\/\/www.vielca.com\/unkategorisiert\/die-diputation-von-valencia-genehmigt-den-bau-der-erwarteten-autobahn-aielo-de-malferit-von-der-autobahn-a-7"},"modified":"2025-07-31T10:25:19","modified_gmt":"2025-07-31T10:25:19","slug":"die-diputation-von-valencia-genehmigt-den-bau-der-erwarteten-autobahn-aielo-de-malferit-von-der-autobahn-a-7","status":"publish","type":"post","link":"https:\/\/www.vielca.com\/de\/noticias-de\/die-diputation-von-valencia-genehmigt-den-bau-der-erwarteten-autobahn-aielo-de-malferit-von-der-autobahn-a-7","title":{"rendered":"DIE DIPUTATION VON VALENCIA GENEHMIGT DEN BAU DER ERWARTETEN AUTOBAHN AIELO DE MALFERIT VON DER AUTOBAHN A-7"},"content":{"rendered":"\n<p>Die Provinz Valencia hat gr\u00fcnes Licht f\u00fcr das Projekt gegeben, mit dem die Verkehrssicherheit bei der Zufahrt nach Aielo de Malferit \u00fcber die Autobahn A-7 verbessert werden soll. Der neue Kreisverkehr wird sich am Kilometerpunkt 20,330 der Stra\u00dfe CV-651 befinden und den Zugang zur Altstadt, zum Industriegebiet und zum st\u00e4dtischen Friedhof erleichtern.<\/p>\n\n<p>Nach jahrelangen Anfragen seitens der Gemeinde wurde gestern die endg\u00fcltige Genehmigung des Projekts durch die Diputaci\u00f3n bekannt gegeben. Der Kreisverkehr wird einen direkten Zugang zur Gemeinde bieten, die Anbindung an das Industriegebiet Ibermanta verbessern und der Stra\u00dfe CV-651 einen urbanen Charakter verleihen.<\/p>\n\n<p>Das Projekt umfasst Verbesserungen auf dem Streckenabschnitt zwischen den Kilometern 20,070 und 20,810, wodurch die Verkehrssicherheit f\u00fcr diejenigen erh\u00f6ht wird, die das Dorf von der A-7 erreichen. Der Kreisverkehr regelt die Geschwindigkeit der Fahrzeuge und gew\u00e4hrleistet so die Sicherheit der Verkehrsteilnehmer.<\/p>\n\n<p>Der B\u00fcrgermeister von Aielo, Juan Rafael Esp\u00ed, \u00e4u\u00dferte sich zufrieden mit der Genehmigung und betonte, dass die Infrastruktur ein Anspruch von vielen Jahren war. Das Projekt begann im September 2021 mit der Verwaltung und wurde an Vielca Ingenieros SA vergeben.<\/p>\n\n<p>Der Bau dieses Kreisverkehrs stellt f\u00fcr Aielo de Malferit einen bedeutenden Fortschritt dar, da er die Mobilit\u00e4t und die Sicherheit der Zufahrt von der Autobahn A-7 verbessert.<\/p>\n\n<p><a href=\"https:\/\/www.levante-emv.com\/costera\/2023\/10\/25\/luz-verde-reivindicada-glorieta-acceso-93746349.html\">Levante Nachrichten<\/a><\/p>\n","protected":false},"excerpt":{"rendered":"<p>Die Provinz Valencia hat gr\u00fcnes Licht f\u00fcr das Projekt gegeben, mit dem die Verkehrssicherheit bei der Zufahrt nach Aielo de Malferit \u00fcber die Autobahn A-7 verbessert werden soll. Der neue Kreisverkehr wird sich am Kilometerpunkt 20,330 der Stra\u00dfe CV-651 befinden und den Zugang zur Altstadt, zum Industriegebiet und zum st\u00e4dtischen Friedhof erleichtern. Nach jahrelangen Anfragen [&hellip;]<\/p>\n","protected":false},"author":1,"featured_media":16096,"comment_status":"closed","ping_status":"closed","sticky":false,"template":"","format":"standard","meta":{"footnotes":""},"categories":[269,243],"tags":[],"class_list":["post-16132","post","type-post","status-publish","format-standard","has-post-thumbnail","hentry","category-noticias-de","category-unkategorisiert"],"yoast_head":"<!-- This site is optimized with the Yoast SEO plugin v25.9 - https:\/\/yoast.com\/wordpress\/plugins\/seo\/ -->\r\n<title>DIE DIPUTATION VON VALENCIA GENEHMIGT DEN BAU DER ERWARTETEN AUTOBAHN AIELO DE MALFERIT VON DER AUTOBAHN A-7 - Vielca Ingenieros<\/title>\r\n<meta name=\"description\" content=\"Die Provinz Valencia hat gr\u00fcnes Licht f\u00fcr das Projekt gegeben, mit dem die Verkehrssicherheit bei der Zufahrt nach Aielo de Malferit \u00fcber die Autobahn A-7 verbessert werden soll.\" \/>\r\n<meta name=\"robots\" content=\"index, follow, max-snippet:-1, max-image-preview:large, max-video-preview:-1\" \/>\r\n<link rel=\"canonical\" href=\"https:\/\/www.vielca.com\/de\/noticias-de\/die-diputation-von-valencia-genehmigt-den-bau-der-erwarteten-autobahn-aielo-de-malferit-von-der-autobahn-a-7\" \/>\r\n<meta property=\"og:locale\" content=\"de_DE\" \/>\r\n<meta property=\"og:type\" content=\"article\" \/>\r\n<meta property=\"og:title\" content=\"DIE DIPUTATION VON VALENCIA GENEHMIGT DEN BAU DER ERWARTETEN AUTOBAHN AIELO DE MALFERIT VON DER AUTOBAHN A-7 - Vielca Ingenieros\" \/>\r\n<meta property=\"og:description\" content=\"Die Provinz Valencia hat gr\u00fcnes Licht f\u00fcr das Projekt gegeben, mit dem die Verkehrssicherheit bei der Zufahrt nach Aielo de Malferit \u00fcber die Autobahn A-7 verbessert werden soll.\" \/>\r\n<meta property=\"og:url\" content=\"https:\/\/www.vielca.com\/de\/noticias-de\/die-diputation-von-valencia-genehmigt-den-bau-der-erwarteten-autobahn-aielo-de-malferit-von-der-autobahn-a-7\" \/>\r\n<meta property=\"og:site_name\" content=\"Vielca Ingenieros\" \/>\r\n<meta property=\"article:published_time\" content=\"2023-10-27T11:48:27+00:00\" \/>\r\n<meta property=\"article:modified_time\" content=\"2025-07-31T10:25:19+00:00\" \/>\r\n<meta property=\"og:image\" content=\"https:\/\/www.vielca.com\/wp-content\/uploads\/2023\/10\/IMG_20220525_115901-Large.jpg\" \/>\r\n\t<meta property=\"og:image:width\" content=\"1920\" \/>\r\n\t<meta property=\"og:image:height\" content=\"886\" \/>\r\n\t<meta property=\"og:image:type\" content=\"image\/jpeg\" \/>\r\n<meta name=\"author\" content=\"Vielca\" \/>\r\n<meta name=\"twitter:card\" content=\"summary_large_image\" \/>\r\n<meta name=\"twitter:label1\" content=\"Verfasst von\" \/>\n\t<meta name=\"twitter:data1\" content=\"Vielca\" \/>\n\t<meta name=\"twitter:label2\" content=\"Gesch\u00e4tzte Lesezeit\" \/>\n\t<meta name=\"twitter:data2\" content=\"1\u00a0Minute\" \/>\r\n<script type=\"application\/ld+json\" class=\"yoast-schema-graph\">{\"@context\":\"https:\/\/schema.org\",\"@graph\":[{\"@type\":\"Article\",\"@id\":\"https:\/\/www.vielca.com\/de\/noticias-de\/die-diputation-von-valencia-genehmigt-den-bau-der-erwarteten-autobahn-aielo-de-malferit-von-der-autobahn-a-7#article\",\"isPartOf\":{\"@id\":\"https:\/\/www.vielca.com\/de\/noticias-de\/die-diputation-von-valencia-genehmigt-den-bau-der-erwarteten-autobahn-aielo-de-malferit-von-der-autobahn-a-7\"},\"author\":{\"name\":\"Vielca\",\"@id\":\"https:\/\/www.vielca.com\/de#\/schema\/person\/335b1a232be3346bf083ffa8038e9d3b\"},\"headline\":\"DIE DIPUTATION VON VALENCIA GENEHMIGT DEN BAU DER ERWARTETEN AUTOBAHN AIELO DE MALFERIT VON DER AUTOBAHN A-7\",\"datePublished\":\"2023-10-27T11:48:27+00:00\",\"dateModified\":\"2025-07-31T10:25:19+00:00\",\"mainEntityOfPage\":{\"@id\":\"https:\/\/www.vielca.com\/de\/noticias-de\/die-diputation-von-valencia-genehmigt-den-bau-der-erwarteten-autobahn-aielo-de-malferit-von-der-autobahn-a-7\"},\"wordCount\":231,\"publisher\":{\"@id\":\"https:\/\/www.vielca.com\/de#organization\"},\"image\":{\"@id\":\"https:\/\/www.vielca.com\/de\/noticias-de\/die-diputation-von-valencia-genehmigt-den-bau-der-erwarteten-autobahn-aielo-de-malferit-von-der-autobahn-a-7#primaryimage\"},\"thumbnailUrl\":\"https:\/\/www.vielca.com\/wp-content\/uploads\/2023\/10\/IMG_20220525_115901-Large.jpg\",\"articleSection\":[\"Noticias\",\"Unkategorisiert\"],\"inLanguage\":\"de\"},{\"@type\":\"WebPage\",\"@id\":\"https:\/\/www.vielca.com\/de\/noticias-de\/die-diputation-von-valencia-genehmigt-den-bau-der-erwarteten-autobahn-aielo-de-malferit-von-der-autobahn-a-7\",\"url\":\"https:\/\/www.vielca.com\/de\/noticias-de\/die-diputation-von-valencia-genehmigt-den-bau-der-erwarteten-autobahn-aielo-de-malferit-von-der-autobahn-a-7\",\"name\":\"DIE DIPUTATION VON VALENCIA GENEHMIGT DEN BAU DER ERWARTETEN AUTOBAHN AIELO DE MALFERIT VON DER AUTOBAHN A-7 - Vielca Ingenieros\",\"isPartOf\":{\"@id\":\"https:\/\/www.vielca.com\/de#website\"},\"primaryImageOfPage\":{\"@id\":\"https:\/\/www.vielca.com\/de\/noticias-de\/die-diputation-von-valencia-genehmigt-den-bau-der-erwarteten-autobahn-aielo-de-malferit-von-der-autobahn-a-7#primaryimage\"},\"image\":{\"@id\":\"https:\/\/www.vielca.com\/de\/noticias-de\/die-diputation-von-valencia-genehmigt-den-bau-der-erwarteten-autobahn-aielo-de-malferit-von-der-autobahn-a-7#primaryimage\"},\"thumbnailUrl\":\"https:\/\/www.vielca.com\/wp-content\/uploads\/2023\/10\/IMG_20220525_115901-Large.jpg\",\"datePublished\":\"2023-10-27T11:48:27+00:00\",\"dateModified\":\"2025-07-31T10:25:19+00:00\",\"description\":\"Die Provinz Valencia hat gr\u00fcnes Licht f\u00fcr das Projekt gegeben, mit dem die Verkehrssicherheit bei der Zufahrt nach Aielo de Malferit \u00fcber die Autobahn A-7 verbessert werden soll.\",\"breadcrumb\":{\"@id\":\"https:\/\/www.vielca.com\/de\/noticias-de\/die-diputation-von-valencia-genehmigt-den-bau-der-erwarteten-autobahn-aielo-de-malferit-von-der-autobahn-a-7#breadcrumb\"},\"inLanguage\":\"de\",\"potentialAction\":[{\"@type\":\"ReadAction\",\"target\":[\"https:\/\/www.vielca.com\/de\/noticias-de\/die-diputation-von-valencia-genehmigt-den-bau-der-erwarteten-autobahn-aielo-de-malferit-von-der-autobahn-a-7\"]}]},{\"@type\":\"ImageObject\",\"inLanguage\":\"de\",\"@id\":\"https:\/\/www.vielca.com\/de\/noticias-de\/die-diputation-von-valencia-genehmigt-den-bau-der-erwarteten-autobahn-aielo-de-malferit-von-der-autobahn-a-7#primaryimage\",\"url\":\"https:\/\/www.vielca.com\/wp-content\/uploads\/2023\/10\/IMG_20220525_115901-Large.jpg\",\"contentUrl\":\"https:\/\/www.vielca.com\/wp-content\/uploads\/2023\/10\/IMG_20220525_115901-Large.jpg\",\"width\":1920,\"height\":886},{\"@type\":\"BreadcrumbList\",\"@id\":\"https:\/\/www.vielca.com\/de\/noticias-de\/die-diputation-von-valencia-genehmigt-den-bau-der-erwarteten-autobahn-aielo-de-malferit-von-der-autobahn-a-7#breadcrumb\",\"itemListElement\":[{\"@type\":\"ListItem\",\"position\":1,\"name\":\"Portada\",\"item\":\"https:\/\/www.vielca.com\/de\/homepage\"},{\"@type\":\"ListItem\",\"position\":2,\"name\":\"DIE DIPUTATION VON VALENCIA GENEHMIGT DEN BAU DER ERWARTETEN AUTOBAHN AIELO DE MALFERIT VON DER AUTOBAHN A-7\"}]},{\"@type\":\"WebSite\",\"@id\":\"https:\/\/www.vielca.com\/de#website\",\"url\":\"https:\/\/www.vielca.com\/de\",\"name\":\"Vielca Ingenieros\",\"description\":\"El referente en la ingenier\u00eda\",\"publisher\":{\"@id\":\"https:\/\/www.vielca.com\/de#organization\"},\"potentialAction\":[{\"@type\":\"SearchAction\",\"target\":{\"@type\":\"EntryPoint\",\"urlTemplate\":\"https:\/\/www.vielca.com\/de?s={search_term_string}\"},\"query-input\":{\"@type\":\"PropertyValueSpecification\",\"valueRequired\":true,\"valueName\":\"search_term_string\"}}],\"inLanguage\":\"de\"},{\"@type\":\"Organization\",\"@id\":\"https:\/\/www.vielca.com\/de#organization\",\"name\":\"Vielca Ingenieros\",\"url\":\"https:\/\/www.vielca.com\/de\",\"logo\":{\"@type\":\"ImageObject\",\"inLanguage\":\"de\",\"@id\":\"https:\/\/www.vielca.com\/de#\/schema\/logo\/image\/\",\"url\":\"https:\/\/www.vielca.com\/wp-content\/uploads\/2022\/10\/VIELCA-INGENIEROS-logotipo.png\",\"contentUrl\":\"https:\/\/www.vielca.com\/wp-content\/uploads\/2022\/10\/VIELCA-INGENIEROS-logotipo.png\",\"width\":1527,\"height\":477,\"caption\":\"Vielca Ingenieros\"},\"image\":{\"@id\":\"https:\/\/www.vielca.com\/de#\/schema\/logo\/image\/\"},\"sameAs\":[\"https:\/\/www.linkedin.com\/company\/vielca-ingenieros-s.a.\",\"https:\/\/www.instagram.com\/vielca_ingenieros\/\"]},{\"@type\":\"Person\",\"@id\":\"https:\/\/www.vielca.com\/de#\/schema\/person\/335b1a232be3346bf083ffa8038e9d3b\",\"name\":\"Vielca\",\"sameAs\":[\"https:\/\/www.vielca.com\"],\"url\":\"https:\/\/www.vielca.com\/de\/author\/vielca\"}]}<\/script>\r\n<!-- \/ Yoast SEO plugin. -->","yoast_head_json":{"title":"DIE DIPUTATION VON VALENCIA GENEHMIGT DEN BAU DER ERWARTETEN AUTOBAHN AIELO DE MALFERIT VON DER AUTOBAHN A-7 - Vielca Ingenieros","description":"Die Provinz Valencia hat gr\u00fcnes Licht f\u00fcr das Projekt gegeben, mit dem die Verkehrssicherheit bei der Zufahrt nach Aielo de Malferit \u00fcber die Autobahn A-7 verbessert werden soll.","robots":{"index":"index","follow":"follow","max-snippet":"max-snippet:-1","max-image-preview":"max-image-preview:large","max-video-preview":"max-video-preview:-1"},"canonical":"https:\/\/www.vielca.com\/de\/noticias-de\/die-diputation-von-valencia-genehmigt-den-bau-der-erwarteten-autobahn-aielo-de-malferit-von-der-autobahn-a-7","og_locale":"de_DE","og_type":"article","og_title":"DIE DIPUTATION VON VALENCIA GENEHMIGT DEN BAU DER ERWARTETEN AUTOBAHN AIELO DE MALFERIT VON DER AUTOBAHN A-7 - Vielca Ingenieros","og_description":"Die Provinz Valencia hat gr\u00fcnes Licht f\u00fcr das Projekt gegeben, mit dem die Verkehrssicherheit bei der Zufahrt nach Aielo de Malferit \u00fcber die Autobahn A-7 verbessert werden soll.","og_url":"https:\/\/www.vielca.com\/de\/noticias-de\/die-diputation-von-valencia-genehmigt-den-bau-der-erwarteten-autobahn-aielo-de-malferit-von-der-autobahn-a-7","og_site_name":"Vielca Ingenieros","article_published_time":"2023-10-27T11:48:27+00:00","article_modified_time":"2025-07-31T10:25:19+00:00","og_image":[{"width":1920,"height":886,"url":"https:\/\/www.vielca.com\/wp-content\/uploads\/2023\/10\/IMG_20220525_115901-Large.jpg","type":"image\/jpeg"}],"author":"Vielca","twitter_card":"summary_large_image","twitter_misc":{"Verfasst von":"Vielca","Gesch\u00e4tzte Lesezeit":"1\u00a0Minute"},"schema":{"@context":"https:\/\/schema.org","@graph":[{"@type":"Article","@id":"https:\/\/www.vielca.com\/de\/noticias-de\/die-diputation-von-valencia-genehmigt-den-bau-der-erwarteten-autobahn-aielo-de-malferit-von-der-autobahn-a-7#article","isPartOf":{"@id":"https:\/\/www.vielca.com\/de\/noticias-de\/die-diputation-von-valencia-genehmigt-den-bau-der-erwarteten-autobahn-aielo-de-malferit-von-der-autobahn-a-7"},"author":{"name":"Vielca","@id":"https:\/\/www.vielca.com\/de#\/schema\/person\/335b1a232be3346bf083ffa8038e9d3b"},"headline":"DIE DIPUTATION VON VALENCIA GENEHMIGT DEN BAU DER ERWARTETEN AUTOBAHN AIELO DE MALFERIT VON DER AUTOBAHN A-7","datePublished":"2023-10-27T11:48:27+00:00","dateModified":"2025-07-31T10:25:19+00:00","mainEntityOfPage":{"@id":"https:\/\/www.vielca.com\/de\/noticias-de\/die-diputation-von-valencia-genehmigt-den-bau-der-erwarteten-autobahn-aielo-de-malferit-von-der-autobahn-a-7"},"wordCount":231,"publisher":{"@id":"https:\/\/www.vielca.com\/de#organization"},"image":{"@id":"https:\/\/www.vielca.com\/de\/noticias-de\/die-diputation-von-valencia-genehmigt-den-bau-der-erwarteten-autobahn-aielo-de-malferit-von-der-autobahn-a-7#primaryimage"},"thumbnailUrl":"https:\/\/www.vielca.com\/wp-content\/uploads\/2023\/10\/IMG_20220525_115901-Large.jpg","articleSection":["Noticias","Unkategorisiert"],"inLanguage":"de"},{"@type":"WebPage","@id":"https:\/\/www.vielca.com\/de\/noticias-de\/die-diputation-von-valencia-genehmigt-den-bau-der-erwarteten-autobahn-aielo-de-malferit-von-der-autobahn-a-7","url":"https:\/\/www.vielca.com\/de\/noticias-de\/die-diputation-von-valencia-genehmigt-den-bau-der-erwarteten-autobahn-aielo-de-malferit-von-der-autobahn-a-7","name":"DIE DIPUTATION VON VALENCIA GENEHMIGT DEN BAU DER ERWARTETEN AUTOBAHN AIELO DE MALFERIT VON DER AUTOBAHN A-7 - Vielca Ingenieros","isPartOf":{"@id":"https:\/\/www.vielca.com\/de#website"},"primaryImageOfPage":{"@id":"https:\/\/www.vielca.com\/de\/noticias-de\/die-diputation-von-valencia-genehmigt-den-bau-der-erwarteten-autobahn-aielo-de-malferit-von-der-autobahn-a-7#primaryimage"},"image":{"@id":"https:\/\/www.vielca.com\/de\/noticias-de\/die-diputation-von-valencia-genehmigt-den-bau-der-erwarteten-autobahn-aielo-de-malferit-von-der-autobahn-a-7#primaryimage"},"thumbnailUrl":"https:\/\/www.vielca.com\/wp-content\/uploads\/2023\/10\/IMG_20220525_115901-Large.jpg","datePublished":"2023-10-27T11:48:27+00:00","dateModified":"2025-07-31T10:25:19+00:00","description":"Die Provinz Valencia hat gr\u00fcnes Licht f\u00fcr das Projekt gegeben, mit dem die Verkehrssicherheit bei der Zufahrt nach Aielo de Malferit \u00fcber die Autobahn A-7 verbessert werden soll.","breadcrumb":{"@id":"https:\/\/www.vielca.com\/de\/noticias-de\/die-diputation-von-valencia-genehmigt-den-bau-der-erwarteten-autobahn-aielo-de-malferit-von-der-autobahn-a-7#breadcrumb"},"inLanguage":"de","potentialAction":[{"@type":"ReadAction","target":["https:\/\/www.vielca.com\/de\/noticias-de\/die-diputation-von-valencia-genehmigt-den-bau-der-erwarteten-autobahn-aielo-de-malferit-von-der-autobahn-a-7"]}]},{"@type":"ImageObject","inLanguage":"de","@id":"https:\/\/www.vielca.com\/de\/noticias-de\/die-diputation-von-valencia-genehmigt-den-bau-der-erwarteten-autobahn-aielo-de-malferit-von-der-autobahn-a-7#primaryimage","url":"https:\/\/www.vielca.com\/wp-content\/uploads\/2023\/10\/IMG_20220525_115901-Large.jpg","contentUrl":"https:\/\/www.vielca.com\/wp-content\/uploads\/2023\/10\/IMG_20220525_115901-Large.jpg","width":1920,"height":886},{"@type":"BreadcrumbList","@id":"https:\/\/www.vielca.com\/de\/noticias-de\/die-diputation-von-valencia-genehmigt-den-bau-der-erwarteten-autobahn-aielo-de-malferit-von-der-autobahn-a-7#breadcrumb","itemListElement":[{"@type":"ListItem","position":1,"name":"Portada","item":"https:\/\/www.vielca.com\/de\/homepage"},{"@type":"ListItem","position":2,"name":"DIE DIPUTATION VON VALENCIA GENEHMIGT DEN BAU DER ERWARTETEN AUTOBAHN AIELO DE MALFERIT VON DER AUTOBAHN A-7"}]},{"@type":"WebSite","@id":"https:\/\/www.vielca.com\/de#website","url":"https:\/\/www.vielca.com\/de","name":"Vielca Ingenieros","description":"El referente en la ingenier\u00eda","publisher":{"@id":"https:\/\/www.vielca.com\/de#organization"},"potentialAction":[{"@type":"SearchAction","target":{"@type":"EntryPoint","urlTemplate":"https:\/\/www.vielca.com\/de?s={search_term_string}"},"query-input":{"@type":"PropertyValueSpecification","valueRequired":true,"valueName":"search_term_string"}}],"inLanguage":"de"},{"@type":"Organization","@id":"https:\/\/www.vielca.com\/de#organization","name":"Vielca Ingenieros","url":"https:\/\/www.vielca.com\/de","logo":{"@type":"ImageObject","inLanguage":"de","@id":"https:\/\/www.vielca.com\/de#\/schema\/logo\/image\/","url":"https:\/\/www.vielca.com\/wp-content\/uploads\/2022\/10\/VIELCA-INGENIEROS-logotipo.png","contentUrl":"https:\/\/www.vielca.com\/wp-content\/uploads\/2022\/10\/VIELCA-INGENIEROS-logotipo.png","width":1527,"height":477,"caption":"Vielca Ingenieros"},"image":{"@id":"https:\/\/www.vielca.com\/de#\/schema\/logo\/image\/"},"sameAs":["https:\/\/www.linkedin.com\/company\/vielca-ingenieros-s.a.","https:\/\/www.instagram.com\/vielca_ingenieros\/"]},{"@type":"Person","@id":"https:\/\/www.vielca.com\/de#\/schema\/person\/335b1a232be3346bf083ffa8038e9d3b","name":"Vielca","sameAs":["https:\/\/www.vielca.com"],"url":"https:\/\/www.vielca.com\/de\/author\/vielca"}]}},"_links":{"self":[{"href":"https:\/\/www.vielca.com\/de\/wp-json\/wp\/v2\/posts\/16132","targetHints":{"allow":["GET"]}}],"collection":[{"href":"https:\/\/www.vielca.com\/de\/wp-json\/wp\/v2\/posts"}],"about":[{"href":"https:\/\/www.vielca.com\/de\/wp-json\/wp\/v2\/types\/post"}],"author":[{"embeddable":true,"href":"https:\/\/www.vielca.com\/de\/wp-json\/wp\/v2\/users\/1"}],"replies":[{"embeddable":true,"href":"https:\/\/www.vielca.com\/de\/wp-json\/wp\/v2\/comments?post=16132"}],"version-history":[{"count":2,"href":"https:\/\/www.vielca.com\/de\/wp-json\/wp\/v2\/posts\/16132\/revisions"}],"predecessor-version":[{"id":16135,"href":"https:\/\/www.vielca.com\/de\/wp-json\/wp\/v2\/posts\/16132\/revisions\/16135"}],"wp:featuredmedia":[{"embeddable":true,"href":"https:\/\/www.vielca.com\/de\/wp-json\/wp\/v2\/media\/16096"}],"wp:attachment":[{"href":"https:\/\/www.vielca.com\/de\/wp-json\/wp\/v2\/media?parent=16132"}],"wp:term":[{"taxonomy":"category","embeddable":true,"href":"https:\/\/www.vielca.com\/de\/wp-json\/wp\/v2\/categories?post=16132"},{"taxonomy":"post_tag","embeddable":true,"href":"https:\/\/www.vielca.com\/de\/wp-json\/wp\/v2\/tags?post=16132"}],"curies":[{"name":"wp","href":"https:\/\/api.w.org\/{rel}","templated":true}]}}