{"id":18576,"date":"2025-01-30T09:38:11","date_gmt":"2025-01-30T09:38:11","guid":{"rendered":"https:\/\/www.vielca.com\/unkategorisiert\/vielca-ingenieros-nimmt-teil-an-der-33-gala-der-preise-fuer-oekonomie-3"},"modified":"2025-07-31T10:27:33","modified_gmt":"2025-07-31T10:27:33","slug":"vielca-ingenieros-nimmt-teil-an-der-33-gala-der-preise-fuer-oekonomie-3","status":"publish","type":"post","link":"https:\/\/www.vielca.com\/de\/noticias-de\/vielca-ingenieros-nimmt-teil-an-der-33-gala-der-preise-fuer-oekonomie-3","title":{"rendered":"VIELCA INGENIEROS NIMMT TEIL AN DER 33. GALA DER PREISE F\u00dcR \u00d6KONOMIE 3"},"content":{"rendered":"\t\t<div data-elementor-type=\"wp-post\" data-elementor-id=\"18576\" class=\"elementor elementor-18576 elementor-18425\" data-elementor-settings=\"{&quot;ha_cmc_init_switcher&quot;:&quot;no&quot;}\" data-elementor-post-type=\"post\">\n\t\t\t\t\t\t<section class=\"elementor-section elementor-top-section elementor-element elementor-element-3c9008e3 elementor-section-boxed elementor-section-height-default elementor-section-height-default\" data-id=\"3c9008e3\" data-element_type=\"section\" data-settings=\"{&quot;_ha_eqh_enable&quot;:false}\">\n\t\t\t\t\t\t<div class=\"elementor-container elementor-column-gap-default\">\n\t\t\t\t\t<div class=\"elementor-column elementor-col-100 elementor-top-column elementor-element elementor-element-796b9a60\" data-id=\"796b9a60\" data-element_type=\"column\">\n\t\t\t<div class=\"elementor-widget-wrap elementor-element-populated\">\n\t\t\t\t\t\t<div class=\"elementor-element elementor-element-20fb558e elementor-widget elementor-widget-text-editor\" data-id=\"20fb558e\" data-element_type=\"widget\" data-widget_type=\"text-editor.default\">\n\t\t\t\t<div class=\"elementor-widget-container\">\n\t\t\t\t\t\t\t\t\t<p>Die 33. Gala der Premios Econom\u00eda 3 brachte im Oceanogr\u00e0fic in Valencia mehr als 500 Unternehmer, F\u00fchrungskr\u00e4fte, Institutionen und Personen aus der Gesch\u00e4ftswelt, der Politik und dem Vereinswesen zusammen.<\/p>\n<p>Eine Gala, die die unternehmerischen \u201eWerte\u201c als roten Faden hatte, und bei der die elf ausgezeichneten Unternehmen das Rampenlicht mit den Familien der vier Unternehmer teilten, die bei der Dana ums Leben kamen, denen eine w\u00fcrdige Hommage zuteil wurde.<\/p>\n<p>Aber welche Werte kennzeichnen unsere Unternehmer und F\u00fchrungskr\u00e4fte? Wie <strong>Elisa Valero<\/strong>, die gesch\u00e4ftsf\u00fchrende Gesellschafterin von Econom\u00eda 3, in ihrer Rede darlegte, geht es um <em>\u201emenschliche Werte als Prinzipien, die unsere Art zu sein, zu denken und zu handeln leiten, ohne die es keine ausgezeichnete Unternehmensf\u00fchrung geben k\u00f6nnte\u201c<\/em>. <\/p>\n<p>In diesem Sinne hat Elisa Valero sieben Punkte hervorgehoben, \u00fcber die wir nachdenken sollten, n\u00e4mlich <em>\u201eRespekt, Verantwortung, Demut, Ehrlichkeit, Loyalit\u00e4t, Solidarit\u00e4t und Dankbarkeit\u201c<\/em>.<\/p>\n<p>Vielca Ingenieros, als Teil des Clubs Econom\u00eda 3, und in Begleitung seines Gesch\u00e4ftsf\u00fchrers Vicente Candela, nahm an der Veranstaltung teil und unterst\u00fctzte die in dieser Gala vertretenen unternehmerischen \u201eWerte\u201c.<\/p>\n<p><a href=\"https:\/\/economia3.com\/2025\/01\/27\/689232-fotogaleria-premios-economia3-ovacion-sin-fin-para-grandes-historias-de-exito\">https:\/\/economia3.com\/2025\/01\/27\/689232-fotogaleria-premios-economia3-ovacion-sin-fin-para-grandes-historias-de-exito<\/a><\/p><\/p>\n\t\t\t\t\t\t\t\t<\/div>\n\t\t\t\t<\/div>\n\t\t\t\t<div class=\"elementor-element elementor-element-cc3908f elementor-widget elementor-widget-image\" data-id=\"cc3908f\" data-element_type=\"widget\" data-widget_type=\"image.default\">\n\t\t\t\t<div class=\"elementor-widget-container\">\n\t\t\t\t\t\t\t\t\t\t\t\t\t\t\t<img fetchpriority=\"high\" decoding=\"async\" width=\"768\" height=\"512\" src=\"https:\/\/www.vielca.com\/wp-content\/uploads\/2025\/01\/32-GALA-PREMIOS-84-1-768x512-1.jpg\" class=\"attachment-large size-large wp-image-18436\" alt=\"\" srcset=\"https:\/\/www.vielca.com\/wp-content\/uploads\/2025\/01\/32-GALA-PREMIOS-84-1-768x512-1.jpg 768w, https:\/\/www.vielca.com\/wp-content\/uploads\/2025\/01\/32-GALA-PREMIOS-84-1-768x512-1-300x200.jpg 300w\" sizes=\"(max-width: 768px) 100vw, 768px\" \/>\t\t\t\t\t\t\t\t\t\t\t\t\t\t\t<\/div>\n\t\t\t\t<\/div>\n\t\t\t\t\t<\/div>\n\t\t<\/div>\n\t\t\t\t\t<\/div>\n\t\t<\/section>\n\t\t\t\t<\/div>\n\t\t","protected":false},"excerpt":{"rendered":"<p>Die 33. Gala der Premios Econom\u00eda 3 brachte im Oceanogr\u00e0fic in Valencia mehr als 500 Unternehmer, F\u00fchrungskr\u00e4fte, Institutionen und Personen aus der Gesch\u00e4ftswelt, der Politik und dem Vereinswesen zusammen. Eine Gala, die die unternehmerischen \u201eWerte\u201c als roten Faden hatte, und bei der die elf ausgezeichneten Unternehmen das Rampenlicht mit den Familien der vier Unternehmer teilten, [&hellip;]<\/p>\n","protected":false},"author":1,"featured_media":18429,"comment_status":"closed","ping_status":"closed","sticky":false,"template":"","format":"standard","meta":{"footnotes":""},"categories":[269,243],"tags":[],"class_list":["post-18576","post","type-post","status-publish","format-standard","has-post-thumbnail","hentry","category-noticias-de","category-unkategorisiert"],"yoast_head":"<!-- This site is optimized with the Yoast SEO plugin v25.9 - https:\/\/yoast.com\/wordpress\/plugins\/seo\/ -->\r\n<title>VIELCA INGENIEROS NIMMT TEIL AN DER 33. GALA DER PREISE F\u00dcR \u00d6KONOMIE 3 - Vielca Ingenieros<\/title>\r\n<meta name=\"robots\" content=\"index, follow, max-snippet:-1, max-image-preview:large, max-video-preview:-1\" \/>\r\n<link rel=\"canonical\" href=\"https:\/\/www.vielca.com\/de\/noticias-de\/vielca-ingenieros-nimmt-teil-an-der-33-gala-der-preise-fuer-oekonomie-3\" \/>\r\n<meta property=\"og:locale\" content=\"de_DE\" \/>\r\n<meta property=\"og:type\" content=\"article\" \/>\r\n<meta property=\"og:title\" content=\"VIELCA INGENIEROS NIMMT TEIL AN DER 33. GALA DER PREISE F\u00dcR \u00d6KONOMIE 3 - Vielca Ingenieros\" \/>\r\n<meta property=\"og:description\" content=\"Die 33. Gala der Premios Econom\u00eda 3 brachte im Oceanogr\u00e0fic in Valencia mehr als 500 Unternehmer, F\u00fchrungskr\u00e4fte, Institutionen und Personen aus der Gesch\u00e4ftswelt, der Politik und dem Vereinswesen zusammen. Eine Gala, die die unternehmerischen \u201eWerte\u201c als roten Faden hatte, und bei der die elf ausgezeichneten Unternehmen das Rampenlicht mit den Familien der vier Unternehmer teilten, [&hellip;]\" \/>\r\n<meta property=\"og:url\" content=\"https:\/\/www.vielca.com\/de\/noticias-de\/vielca-ingenieros-nimmt-teil-an-der-33-gala-der-preise-fuer-oekonomie-3\" \/>\r\n<meta property=\"og:site_name\" content=\"Vielca Ingenieros\" \/>\r\n<meta property=\"article:published_time\" content=\"2025-01-30T09:38:11+00:00\" \/>\r\n<meta property=\"article:modified_time\" content=\"2025-07-31T10:27:33+00:00\" \/>\r\n<meta property=\"og:image\" content=\"https:\/\/www.vielca.com\/wp-content\/uploads\/2025\/01\/33-GALA-ECONOMIA3-PREMIOS-VIELCA.jpg\" \/>\r\n\t<meta property=\"og:image:width\" content=\"1125\" \/>\r\n\t<meta property=\"og:image:height\" content=\"750\" \/>\r\n\t<meta property=\"og:image:type\" content=\"image\/jpeg\" \/>\r\n<meta name=\"author\" content=\"Vielca\" \/>\r\n<meta name=\"twitter:card\" content=\"summary_large_image\" \/>\r\n<meta name=\"twitter:label1\" content=\"Verfasst von\" \/>\n\t<meta name=\"twitter:data1\" content=\"Vielca\" \/>\n\t<meta name=\"twitter:label2\" content=\"Gesch\u00e4tzte Lesezeit\" \/>\n\t<meta name=\"twitter:data2\" content=\"1\u00a0Minute\" \/>\r\n<script type=\"application\/ld+json\" class=\"yoast-schema-graph\">{\"@context\":\"https:\/\/schema.org\",\"@graph\":[{\"@type\":\"Article\",\"@id\":\"https:\/\/www.vielca.com\/de\/noticias-de\/vielca-ingenieros-nimmt-teil-an-der-33-gala-der-preise-fuer-oekonomie-3#article\",\"isPartOf\":{\"@id\":\"https:\/\/www.vielca.com\/de\/noticias-de\/vielca-ingenieros-nimmt-teil-an-der-33-gala-der-preise-fuer-oekonomie-3\"},\"author\":{\"name\":\"Vielca\",\"@id\":\"https:\/\/www.vielca.com\/de#\/schema\/person\/335b1a232be3346bf083ffa8038e9d3b\"},\"headline\":\"VIELCA INGENIEROS NIMMT TEIL AN DER 33. GALA DER PREISE F\u00dcR \u00d6KONOMIE 3\",\"datePublished\":\"2025-01-30T09:38:11+00:00\",\"dateModified\":\"2025-07-31T10:27:33+00:00\",\"mainEntityOfPage\":{\"@id\":\"https:\/\/www.vielca.com\/de\/noticias-de\/vielca-ingenieros-nimmt-teil-an-der-33-gala-der-preise-fuer-oekonomie-3\"},\"wordCount\":199,\"publisher\":{\"@id\":\"https:\/\/www.vielca.com\/de#organization\"},\"image\":{\"@id\":\"https:\/\/www.vielca.com\/de\/noticias-de\/vielca-ingenieros-nimmt-teil-an-der-33-gala-der-preise-fuer-oekonomie-3#primaryimage\"},\"thumbnailUrl\":\"https:\/\/www.vielca.com\/wp-content\/uploads\/2025\/01\/33-GALA-ECONOMIA3-PREMIOS-VIELCA.jpg\",\"articleSection\":[\"Noticias\",\"Unkategorisiert\"],\"inLanguage\":\"de\"},{\"@type\":\"WebPage\",\"@id\":\"https:\/\/www.vielca.com\/de\/noticias-de\/vielca-ingenieros-nimmt-teil-an-der-33-gala-der-preise-fuer-oekonomie-3\",\"url\":\"https:\/\/www.vielca.com\/de\/noticias-de\/vielca-ingenieros-nimmt-teil-an-der-33-gala-der-preise-fuer-oekonomie-3\",\"name\":\"VIELCA INGENIEROS NIMMT TEIL AN DER 33. GALA DER PREISE F\u00dcR \u00d6KONOMIE 3 - Vielca Ingenieros\",\"isPartOf\":{\"@id\":\"https:\/\/www.vielca.com\/de#website\"},\"primaryImageOfPage\":{\"@id\":\"https:\/\/www.vielca.com\/de\/noticias-de\/vielca-ingenieros-nimmt-teil-an-der-33-gala-der-preise-fuer-oekonomie-3#primaryimage\"},\"image\":{\"@id\":\"https:\/\/www.vielca.com\/de\/noticias-de\/vielca-ingenieros-nimmt-teil-an-der-33-gala-der-preise-fuer-oekonomie-3#primaryimage\"},\"thumbnailUrl\":\"https:\/\/www.vielca.com\/wp-content\/uploads\/2025\/01\/33-GALA-ECONOMIA3-PREMIOS-VIELCA.jpg\",\"datePublished\":\"2025-01-30T09:38:11+00:00\",\"dateModified\":\"2025-07-31T10:27:33+00:00\",\"breadcrumb\":{\"@id\":\"https:\/\/www.vielca.com\/de\/noticias-de\/vielca-ingenieros-nimmt-teil-an-der-33-gala-der-preise-fuer-oekonomie-3#breadcrumb\"},\"inLanguage\":\"de\",\"potentialAction\":[{\"@type\":\"ReadAction\",\"target\":[\"https:\/\/www.vielca.com\/de\/noticias-de\/vielca-ingenieros-nimmt-teil-an-der-33-gala-der-preise-fuer-oekonomie-3\"]}]},{\"@type\":\"ImageObject\",\"inLanguage\":\"de\",\"@id\":\"https:\/\/www.vielca.com\/de\/noticias-de\/vielca-ingenieros-nimmt-teil-an-der-33-gala-der-preise-fuer-oekonomie-3#primaryimage\",\"url\":\"https:\/\/www.vielca.com\/wp-content\/uploads\/2025\/01\/33-GALA-ECONOMIA3-PREMIOS-VIELCA.jpg\",\"contentUrl\":\"https:\/\/www.vielca.com\/wp-content\/uploads\/2025\/01\/33-GALA-ECONOMIA3-PREMIOS-VIELCA.jpg\",\"width\":1125,\"height\":750},{\"@type\":\"BreadcrumbList\",\"@id\":\"https:\/\/www.vielca.com\/de\/noticias-de\/vielca-ingenieros-nimmt-teil-an-der-33-gala-der-preise-fuer-oekonomie-3#breadcrumb\",\"itemListElement\":[{\"@type\":\"ListItem\",\"position\":1,\"name\":\"Portada\",\"item\":\"https:\/\/www.vielca.com\/de\/homepage\"},{\"@type\":\"ListItem\",\"position\":2,\"name\":\"VIELCA INGENIEROS NIMMT TEIL AN DER 33. GALA DER PREISE F\u00dcR \u00d6KONOMIE 3\"}]},{\"@type\":\"WebSite\",\"@id\":\"https:\/\/www.vielca.com\/de#website\",\"url\":\"https:\/\/www.vielca.com\/de\",\"name\":\"Vielca Ingenieros\",\"description\":\"El referente en la ingenier\u00eda\",\"publisher\":{\"@id\":\"https:\/\/www.vielca.com\/de#organization\"},\"potentialAction\":[{\"@type\":\"SearchAction\",\"target\":{\"@type\":\"EntryPoint\",\"urlTemplate\":\"https:\/\/www.vielca.com\/de?s={search_term_string}\"},\"query-input\":{\"@type\":\"PropertyValueSpecification\",\"valueRequired\":true,\"valueName\":\"search_term_string\"}}],\"inLanguage\":\"de\"},{\"@type\":\"Organization\",\"@id\":\"https:\/\/www.vielca.com\/de#organization\",\"name\":\"Vielca Ingenieros\",\"url\":\"https:\/\/www.vielca.com\/de\",\"logo\":{\"@type\":\"ImageObject\",\"inLanguage\":\"de\",\"@id\":\"https:\/\/www.vielca.com\/de#\/schema\/logo\/image\/\",\"url\":\"https:\/\/www.vielca.com\/wp-content\/uploads\/2022\/10\/VIELCA-INGENIEROS-logotipo.png\",\"contentUrl\":\"https:\/\/www.vielca.com\/wp-content\/uploads\/2022\/10\/VIELCA-INGENIEROS-logotipo.png\",\"width\":1527,\"height\":477,\"caption\":\"Vielca Ingenieros\"},\"image\":{\"@id\":\"https:\/\/www.vielca.com\/de#\/schema\/logo\/image\/\"},\"sameAs\":[\"https:\/\/www.linkedin.com\/company\/vielca-ingenieros-s.a.\",\"https:\/\/www.instagram.com\/vielca_ingenieros\/\"]},{\"@type\":\"Person\",\"@id\":\"https:\/\/www.vielca.com\/de#\/schema\/person\/335b1a232be3346bf083ffa8038e9d3b\",\"name\":\"Vielca\",\"sameAs\":[\"https:\/\/www.vielca.com\"],\"url\":\"https:\/\/www.vielca.com\/de\/author\/vielca\"}]}<\/script>\r\n<!-- \/ Yoast SEO plugin. -->","yoast_head_json":{"title":"VIELCA INGENIEROS NIMMT TEIL AN DER 33. GALA DER PREISE F\u00dcR \u00d6KONOMIE 3 - Vielca Ingenieros","robots":{"index":"index","follow":"follow","max-snippet":"max-snippet:-1","max-image-preview":"max-image-preview:large","max-video-preview":"max-video-preview:-1"},"canonical":"https:\/\/www.vielca.com\/de\/noticias-de\/vielca-ingenieros-nimmt-teil-an-der-33-gala-der-preise-fuer-oekonomie-3","og_locale":"de_DE","og_type":"article","og_title":"VIELCA INGENIEROS NIMMT TEIL AN DER 33. GALA DER PREISE F\u00dcR \u00d6KONOMIE 3 - Vielca Ingenieros","og_description":"Die 33. Gala der Premios Econom\u00eda 3 brachte im Oceanogr\u00e0fic in Valencia mehr als 500 Unternehmer, F\u00fchrungskr\u00e4fte, Institutionen und Personen aus der Gesch\u00e4ftswelt, der Politik und dem Vereinswesen zusammen. Eine Gala, die die unternehmerischen \u201eWerte\u201c als roten Faden hatte, und bei der die elf ausgezeichneten Unternehmen das Rampenlicht mit den Familien der vier Unternehmer teilten, [&hellip;]","og_url":"https:\/\/www.vielca.com\/de\/noticias-de\/vielca-ingenieros-nimmt-teil-an-der-33-gala-der-preise-fuer-oekonomie-3","og_site_name":"Vielca Ingenieros","article_published_time":"2025-01-30T09:38:11+00:00","article_modified_time":"2025-07-31T10:27:33+00:00","og_image":[{"width":1125,"height":750,"url":"https:\/\/www.vielca.com\/wp-content\/uploads\/2025\/01\/33-GALA-ECONOMIA3-PREMIOS-VIELCA.jpg","type":"image\/jpeg"}],"author":"Vielca","twitter_card":"summary_large_image","twitter_misc":{"Verfasst von":"Vielca","Gesch\u00e4tzte Lesezeit":"1\u00a0Minute"},"schema":{"@context":"https:\/\/schema.org","@graph":[{"@type":"Article","@id":"https:\/\/www.vielca.com\/de\/noticias-de\/vielca-ingenieros-nimmt-teil-an-der-33-gala-der-preise-fuer-oekonomie-3#article","isPartOf":{"@id":"https:\/\/www.vielca.com\/de\/noticias-de\/vielca-ingenieros-nimmt-teil-an-der-33-gala-der-preise-fuer-oekonomie-3"},"author":{"name":"Vielca","@id":"https:\/\/www.vielca.com\/de#\/schema\/person\/335b1a232be3346bf083ffa8038e9d3b"},"headline":"VIELCA INGENIEROS NIMMT TEIL AN DER 33. GALA DER PREISE F\u00dcR \u00d6KONOMIE 3","datePublished":"2025-01-30T09:38:11+00:00","dateModified":"2025-07-31T10:27:33+00:00","mainEntityOfPage":{"@id":"https:\/\/www.vielca.com\/de\/noticias-de\/vielca-ingenieros-nimmt-teil-an-der-33-gala-der-preise-fuer-oekonomie-3"},"wordCount":199,"publisher":{"@id":"https:\/\/www.vielca.com\/de#organization"},"image":{"@id":"https:\/\/www.vielca.com\/de\/noticias-de\/vielca-ingenieros-nimmt-teil-an-der-33-gala-der-preise-fuer-oekonomie-3#primaryimage"},"thumbnailUrl":"https:\/\/www.vielca.com\/wp-content\/uploads\/2025\/01\/33-GALA-ECONOMIA3-PREMIOS-VIELCA.jpg","articleSection":["Noticias","Unkategorisiert"],"inLanguage":"de"},{"@type":"WebPage","@id":"https:\/\/www.vielca.com\/de\/noticias-de\/vielca-ingenieros-nimmt-teil-an-der-33-gala-der-preise-fuer-oekonomie-3","url":"https:\/\/www.vielca.com\/de\/noticias-de\/vielca-ingenieros-nimmt-teil-an-der-33-gala-der-preise-fuer-oekonomie-3","name":"VIELCA INGENIEROS NIMMT TEIL AN DER 33. GALA DER PREISE F\u00dcR \u00d6KONOMIE 3 - Vielca Ingenieros","isPartOf":{"@id":"https:\/\/www.vielca.com\/de#website"},"primaryImageOfPage":{"@id":"https:\/\/www.vielca.com\/de\/noticias-de\/vielca-ingenieros-nimmt-teil-an-der-33-gala-der-preise-fuer-oekonomie-3#primaryimage"},"image":{"@id":"https:\/\/www.vielca.com\/de\/noticias-de\/vielca-ingenieros-nimmt-teil-an-der-33-gala-der-preise-fuer-oekonomie-3#primaryimage"},"thumbnailUrl":"https:\/\/www.vielca.com\/wp-content\/uploads\/2025\/01\/33-GALA-ECONOMIA3-PREMIOS-VIELCA.jpg","datePublished":"2025-01-30T09:38:11+00:00","dateModified":"2025-07-31T10:27:33+00:00","breadcrumb":{"@id":"https:\/\/www.vielca.com\/de\/noticias-de\/vielca-ingenieros-nimmt-teil-an-der-33-gala-der-preise-fuer-oekonomie-3#breadcrumb"},"inLanguage":"de","potentialAction":[{"@type":"ReadAction","target":["https:\/\/www.vielca.com\/de\/noticias-de\/vielca-ingenieros-nimmt-teil-an-der-33-gala-der-preise-fuer-oekonomie-3"]}]},{"@type":"ImageObject","inLanguage":"de","@id":"https:\/\/www.vielca.com\/de\/noticias-de\/vielca-ingenieros-nimmt-teil-an-der-33-gala-der-preise-fuer-oekonomie-3#primaryimage","url":"https:\/\/www.vielca.com\/wp-content\/uploads\/2025\/01\/33-GALA-ECONOMIA3-PREMIOS-VIELCA.jpg","contentUrl":"https:\/\/www.vielca.com\/wp-content\/uploads\/2025\/01\/33-GALA-ECONOMIA3-PREMIOS-VIELCA.jpg","width":1125,"height":750},{"@type":"BreadcrumbList","@id":"https:\/\/www.vielca.com\/de\/noticias-de\/vielca-ingenieros-nimmt-teil-an-der-33-gala-der-preise-fuer-oekonomie-3#breadcrumb","itemListElement":[{"@type":"ListItem","position":1,"name":"Portada","item":"https:\/\/www.vielca.com\/de\/homepage"},{"@type":"ListItem","position":2,"name":"VIELCA INGENIEROS NIMMT TEIL AN DER 33. GALA DER PREISE F\u00dcR \u00d6KONOMIE 3"}]},{"@type":"WebSite","@id":"https:\/\/www.vielca.com\/de#website","url":"https:\/\/www.vielca.com\/de","name":"Vielca Ingenieros","description":"El referente en la ingenier\u00eda","publisher":{"@id":"https:\/\/www.vielca.com\/de#organization"},"potentialAction":[{"@type":"SearchAction","target":{"@type":"EntryPoint","urlTemplate":"https:\/\/www.vielca.com\/de?s={search_term_string}"},"query-input":{"@type":"PropertyValueSpecification","valueRequired":true,"valueName":"search_term_string"}}],"inLanguage":"de"},{"@type":"Organization","@id":"https:\/\/www.vielca.com\/de#organization","name":"Vielca Ingenieros","url":"https:\/\/www.vielca.com\/de","logo":{"@type":"ImageObject","inLanguage":"de","@id":"https:\/\/www.vielca.com\/de#\/schema\/logo\/image\/","url":"https:\/\/www.vielca.com\/wp-content\/uploads\/2022\/10\/VIELCA-INGENIEROS-logotipo.png","contentUrl":"https:\/\/www.vielca.com\/wp-content\/uploads\/2022\/10\/VIELCA-INGENIEROS-logotipo.png","width":1527,"height":477,"caption":"Vielca Ingenieros"},"image":{"@id":"https:\/\/www.vielca.com\/de#\/schema\/logo\/image\/"},"sameAs":["https:\/\/www.linkedin.com\/company\/vielca-ingenieros-s.a.","https:\/\/www.instagram.com\/vielca_ingenieros\/"]},{"@type":"Person","@id":"https:\/\/www.vielca.com\/de#\/schema\/person\/335b1a232be3346bf083ffa8038e9d3b","name":"Vielca","sameAs":["https:\/\/www.vielca.com"],"url":"https:\/\/www.vielca.com\/de\/author\/vielca"}]}},"_links":{"self":[{"href":"https:\/\/www.vielca.com\/de\/wp-json\/wp\/v2\/posts\/18576","targetHints":{"allow":["GET"]}}],"collection":[{"href":"https:\/\/www.vielca.com\/de\/wp-json\/wp\/v2\/posts"}],"about":[{"href":"https:\/\/www.vielca.com\/de\/wp-json\/wp\/v2\/types\/post"}],"author":[{"embeddable":true,"href":"https:\/\/www.vielca.com\/de\/wp-json\/wp\/v2\/users\/1"}],"replies":[{"embeddable":true,"href":"https:\/\/www.vielca.com\/de\/wp-json\/wp\/v2\/comments?post=18576"}],"version-history":[{"count":1,"href":"https:\/\/www.vielca.com\/de\/wp-json\/wp\/v2\/posts\/18576\/revisions"}],"predecessor-version":[{"id":18577,"href":"https:\/\/www.vielca.com\/de\/wp-json\/wp\/v2\/posts\/18576\/revisions\/18577"}],"wp:featuredmedia":[{"embeddable":true,"href":"https:\/\/www.vielca.com\/de\/wp-json\/wp\/v2\/media\/18429"}],"wp:attachment":[{"href":"https:\/\/www.vielca.com\/de\/wp-json\/wp\/v2\/media?parent=18576"}],"wp:term":[{"taxonomy":"category","embeddable":true,"href":"https:\/\/www.vielca.com\/de\/wp-json\/wp\/v2\/categories?post=18576"},{"taxonomy":"post_tag","embeddable":true,"href":"https:\/\/www.vielca.com\/de\/wp-json\/wp\/v2\/tags?post=18576"}],"curies":[{"name":"wp","href":"https:\/\/api.w.org\/{rel}","templated":true}]}}