{"id":12038,"date":"2021-09-23T06:23:00","date_gmt":"2021-09-23T06:23:00","guid":{"rendered":"https:\/\/www.vielca.com\/non-classifiee\/nace-cies-la-federation-des-associations-dentreprises-dingenierie-et-de-connaissance-despagne"},"modified":"2023-03-28T12:04:03","modified_gmt":"2023-03-28T12:04:03","slug":"nace-cies-la-federation-des-associations-dentreprises-dingenierie-et-de-connaissance-despagne","status":"publish","type":"post","link":"https:\/\/www.vielca.com\/fr\/non-classifiee\/nace-cies-la-federation-des-associations-dentreprises-dingenierie-et-de-connaissance-despagne","title":{"rendered":"NACE C\u00cdES, LA F\u00c9D\u00c9RATION DES ASSOCIATIONS D&rsquo;ENTREPRISES D&rsquo;ING\u00c9NIERIE ET DE CONNAISSANCE D&rsquo;ESPAGNE"},"content":{"rendered":"\n<p>Cet apr\u00e8s-midi a eu lieu \u00e0 Madrid l&rsquo;\u00e9v\u00e9nement fondateur de la nouvelle F\u00e9d\u00e9ration des Associations d&rsquo;Entreprises d&rsquo;Ing\u00e9nierie et de Connaissance d&rsquo;Espagne, la CIES, organisation patronale cr\u00e9\u00e9e pour repr\u00e9senter les int\u00e9r\u00eats de pr\u00e8s de 200 entreprises appartenant au secteur de l&rsquo;ing\u00e9nierie-conseil dans toutes ses branches, l&rsquo;architecture, les services technologiques, le conseil, l&rsquo;innovation et l&rsquo;industrie de la connaissance.<\/p>\n\n<p>L&rsquo;\u00e9v\u00e9nement s&rsquo;est d\u00e9roul\u00e9 dans la salle d&rsquo;\u00e9v\u00e9nements du work caf\u00e9 Santander del Paseo de Recoletos, o\u00f9 se sont r\u00e9unis les plus hauts repr\u00e9sentants des associations d&rsquo;entreprises autonomes du secteur, provenant de Galice, Castilla y Le\u00f3n, Pays basque, Aragon, Comunitat Valenciana, R\u00e9gion de Murcie, Estr\u00e9madure, Andalousie et les \u00eeles Canaries.<\/p>\n\n<p>La pr\u00e9sentation de la nouvelle entit\u00e9, qui a un chiffre d&rsquo;affaires global de 1.330 millions d&rsquo;euros et regroupe 16.500 employ\u00e9s, a \u00e9t\u00e9 effectu\u00e9e par Ignacio S\u00e1nchez de Mora et Daniel Prieto, pr\u00e9sidents des associations andalouse et galicienne. Par la suite, un protocole portant cr\u00e9ation de cet organisme a \u00e9t\u00e9 sign\u00e9.<\/p>\n\n<p><strong>Au niveau national<\/strong><\/p>\n\n<p>Comme l&rsquo;explique Ignacio S\u00e1nchez de Mora Andr\u00e9s, repr\u00e9sentant de l&rsquo;association andalouse, appel\u00e9 \u00e0 en \u00eatre le pr\u00e9sident, \u00ab\u00a0la nouvelle organisation entrepreneuriale a un caract\u00e8re national marqu\u00e9 et son action s&rsquo;\u00e9tend donc \u00e0 tout le territoire espagnol. En outre, et pour d\u00e9fendre les int\u00e9r\u00eats de ses partenaires, elle pourra \u00e9tendre son action au niveau de l&rsquo;Union europ\u00e9enne et international\u00a0\u00bb.<\/p>\n\n<p>L&rsquo;organisation d&rsquo;entreprises nouvellement cr\u00e9\u00e9e a pour mission principale de repr\u00e9senter, de g\u00e9rer, de d\u00e9fendre et de promouvoir les int\u00e9r\u00eats de ses membres dans leurs relations avec les pouvoirs publics, les organisations patronales et les syndicats. Les investissements dans les domaines de l&rsquo;ing\u00e9nierie et du savoir seront encourag\u00e9s par le biais des fonds Next Generation, un syst\u00e8me d&rsquo;achat fond\u00e9 sur la qualit\u00e9 avec des prix d&rsquo;appel d&rsquo;offres de base comparables \u00e0 ceux des \u00e9conomies avanc\u00e9es de l&rsquo;Union europ\u00e9enne, et la centrale d&rsquo;achat de biens et services communs aux entreprises sera encourag\u00e9e.<\/p>\n\n<p>Selon son pr\u00e9sident, \u00ab il s\u2019agit d\u2019une \u00e9tape strat\u00e9gique pour le secteur priv\u00e9, gr\u00e2ce \u00e0 laquelle nous renforcerons notre influence, notre prestige et notre coop\u00e9ration entrepreneuriale face aux opportunit\u00e9s g\u00e9n\u00e9r\u00e9es par la pr\u00e9tendue transformation du mod\u00e8le productif de l\u2019\u00e9conomie espagnole \u00bb.<\/p>\n\n<p>Le si\u00e8ge de la nouvelle organisation a \u00e9t\u00e9 \u00e9tabli \u00e0 S\u00e9ville (Santas Patronas, no 37) et sera r\u00e9gi par l&rsquo;assembl\u00e9e g\u00e9n\u00e9rale, le conseil d&rsquo;administration et la pr\u00e9sidence. Le pr\u00e9sident est \u00e9lu pour quatre ans et peut \u00eatre r\u00e9\u00e9lu pour un maximum de deux mandats.<\/p>\n\n<p>Conform\u00e9ment \u00e0 ses statuts, la CIES est ind\u00e9pendante des administrations publiques, des organisations syndicales et des associations politiques ou autres \u00e9trang\u00e8res aux int\u00e9r\u00eats qu &lsquo; elle repr\u00e9sente. Ses ressources proviennent des cotisations de ses membres.<\/p>\n\n<p><strong>Tous pr\u00e9sents<\/strong><\/p>\n\n<p>Les plus hauts repr\u00e9sentants des diff\u00e9rentes associations autonomes ont assist\u00e9 \u00e0 l &lsquo; acte protocolaire de constitution de la nouvelle CIES, qui est l &lsquo; aboutissement d &lsquo; ann\u00e9es fructueuses de collaboration entre les diff\u00e9rentes associations fondatrices; Victorino Zorraquino Lozano, d&rsquo;ASINCAR (Association aragonaise de consultants en ing\u00e9nierie et organisation), Vicente Candela Canales, d&rsquo;AVINCO (Association valencienne d&rsquo;ing\u00e9nieurs consultants), Tom\u00e1s Iriondo Astigarraga, du cluster GAIA (Association des industries de la connaissance et de la technologie appliqu\u00e9e du Pays basque), Juan Merino S\u00e1nchez, d&rsquo;ASINCEX (Association d&rsquo;ing\u00e9nierie et de conseil d&rsquo;Estr\u00e9madure), Ignacio S\u00e1nchez de Mora Andr\u00e9s de l&rsquo;ASICA (Association des entreprises d&rsquo;ing\u00e9nieurs-conseils d&rsquo;Andalousie), Daniel Prieto Renda, de l&rsquo;AGEINCO (Association galicienne des entreprises d&rsquo;ing\u00e9nierie, de conseil et de services technologiques), Javier Blanco Emb\u00fan, de l&rsquo;ACALINCO (Association Castellano-Leonesa des entreprises d&rsquo;ing\u00e9nierie, de conseil et de services technologiques), Norberto Guill\u00e9n Albacete, de l&rsquo;AECIC (Association des entreprises d&rsquo;ing\u00e9nierie civile de la r\u00e9gion de Mur). et Francisco Gonz\u00e1lez Gonz\u00e1lez-Jaraba, de AINCO (Association des entreprises d&rsquo;ing\u00e9nierie et de conseil de Las Palmas).<\/p>\n","protected":false},"excerpt":{"rendered":"<p>Cet apr\u00e8s-midi a eu lieu \u00e0 Madrid l&rsquo;\u00e9v\u00e9nement fondateur de la nouvelle F\u00e9d\u00e9ration des Associations d&rsquo;Entreprises d&rsquo;Ing\u00e9nierie et de Connaissance d&rsquo;Espagne, la CIES, organisation patronale cr\u00e9\u00e9e pour repr\u00e9senter les int\u00e9r\u00eats de pr\u00e8s de 200 entreprises appartenant au secteur de l&rsquo;ing\u00e9nierie-conseil dans toutes ses branches, l&rsquo;architecture, les services technologiques, le conseil, l&rsquo;innovation et l&rsquo;industrie de la [&hellip;]<\/p>\n","protected":false},"author":1,"featured_media":11461,"comment_status":"closed","ping_status":"closed","sticky":false,"template":"","format":"standard","meta":{"footnotes":""},"categories":[273],"tags":[],"class_list":["post-12038","post","type-post","status-publish","format-standard","has-post-thumbnail","hentry","category-non-classifiee"],"yoast_head":"<!-- This site is optimized with the Yoast SEO plugin v25.9 - https:\/\/yoast.com\/wordpress\/plugins\/seo\/ -->\r\n<title>NACE C\u00cdES, LA F\u00c9D\u00c9RATION DES ASSOCIATIONS D&#039;ENTREPRISES D&#039;ING\u00c9NIERIE ET DE CONNAISSANCE D&#039;ESPAGNE - Vielca Ingenieros<\/title>\r\n<meta name=\"robots\" content=\"index, follow, max-snippet:-1, max-image-preview:large, max-video-preview:-1\" \/>\r\n<link rel=\"canonical\" href=\"https:\/\/www.vielca.com\/fr\/non-classifiee\/nace-cies-la-federation-des-associations-dentreprises-dingenierie-et-de-connaissance-despagne\" \/>\r\n<meta property=\"og:locale\" content=\"fr_FR\" \/>\r\n<meta property=\"og:type\" content=\"article\" \/>\r\n<meta property=\"og:title\" content=\"NACE C\u00cdES, LA F\u00c9D\u00c9RATION DES ASSOCIATIONS D&#039;ENTREPRISES D&#039;ING\u00c9NIERIE ET DE CONNAISSANCE D&#039;ESPAGNE - Vielca Ingenieros\" \/>\r\n<meta property=\"og:description\" content=\"Cet apr\u00e8s-midi a eu lieu \u00e0 Madrid l&rsquo;\u00e9v\u00e9nement fondateur de la nouvelle F\u00e9d\u00e9ration des Associations d&rsquo;Entreprises d&rsquo;Ing\u00e9nierie et de Connaissance d&rsquo;Espagne, la CIES, organisation patronale cr\u00e9\u00e9e pour repr\u00e9senter les int\u00e9r\u00eats de pr\u00e8s de 200 entreprises appartenant au secteur de l&rsquo;ing\u00e9nierie-conseil dans toutes ses branches, l&rsquo;architecture, les services technologiques, le conseil, l&rsquo;innovation et l&rsquo;industrie de la [&hellip;]\" \/>\r\n<meta property=\"og:url\" content=\"https:\/\/www.vielca.com\/fr\/non-classifiee\/nace-cies-la-federation-des-associations-dentreprises-dingenierie-et-de-connaissance-despagne\" \/>\r\n<meta property=\"og:site_name\" content=\"Vielca Ingenieros\" \/>\r\n<meta property=\"article:published_time\" content=\"2021-09-23T06:23:00+00:00\" \/>\r\n<meta property=\"article:modified_time\" content=\"2023-03-28T12:04:03+00:00\" \/>\r\n<meta property=\"og:image\" content=\"https:\/\/www.vielca.com\/wp-content\/uploads\/2022\/10\/210923_01.jpg\" \/>\r\n\t<meta property=\"og:image:width\" content=\"758\" \/>\r\n\t<meta property=\"og:image:height\" content=\"506\" \/>\r\n\t<meta property=\"og:image:type\" content=\"image\/jpeg\" \/>\r\n<meta name=\"author\" content=\"Vielca\" \/>\r\n<meta name=\"twitter:card\" content=\"summary_large_image\" \/>\r\n<meta name=\"twitter:label1\" content=\"\u00c9crit par\" \/>\n\t<meta name=\"twitter:data1\" content=\"Vielca\" \/>\n\t<meta name=\"twitter:label2\" content=\"Dur\u00e9e de lecture estim\u00e9e\" \/>\n\t<meta name=\"twitter:data2\" content=\"3 minutes\" \/>\r\n<script type=\"application\/ld+json\" class=\"yoast-schema-graph\">{\"@context\":\"https:\/\/schema.org\",\"@graph\":[{\"@type\":\"Article\",\"@id\":\"https:\/\/www.vielca.com\/fr\/non-classifiee\/nace-cies-la-federation-des-associations-dentreprises-dingenierie-et-de-connaissance-despagne#article\",\"isPartOf\":{\"@id\":\"https:\/\/www.vielca.com\/fr\/non-classifiee\/nace-cies-la-federation-des-associations-dentreprises-dingenierie-et-de-connaissance-despagne\"},\"author\":{\"name\":\"Vielca\",\"@id\":\"https:\/\/www.vielca.com\/fr#\/schema\/person\/335b1a232be3346bf083ffa8038e9d3b\"},\"headline\":\"NACE C\u00cdES, LA F\u00c9D\u00c9RATION DES ASSOCIATIONS D&rsquo;ENTREPRISES D&rsquo;ING\u00c9NIERIE ET DE CONNAISSANCE D&rsquo;ESPAGNE\",\"datePublished\":\"2021-09-23T06:23:00+00:00\",\"dateModified\":\"2023-03-28T12:04:03+00:00\",\"mainEntityOfPage\":{\"@id\":\"https:\/\/www.vielca.com\/fr\/non-classifiee\/nace-cies-la-federation-des-associations-dentreprises-dingenierie-et-de-connaissance-despagne\"},\"wordCount\":694,\"publisher\":{\"@id\":\"https:\/\/www.vielca.com\/fr#organization\"},\"image\":{\"@id\":\"https:\/\/www.vielca.com\/fr\/non-classifiee\/nace-cies-la-federation-des-associations-dentreprises-dingenierie-et-de-connaissance-despagne#primaryimage\"},\"thumbnailUrl\":\"https:\/\/www.vielca.com\/wp-content\/uploads\/2022\/10\/210923_01.jpg\",\"articleSection\":[\"Non classifi\u00e9(e)\"],\"inLanguage\":\"fr-FR\"},{\"@type\":\"WebPage\",\"@id\":\"https:\/\/www.vielca.com\/fr\/non-classifiee\/nace-cies-la-federation-des-associations-dentreprises-dingenierie-et-de-connaissance-despagne\",\"url\":\"https:\/\/www.vielca.com\/fr\/non-classifiee\/nace-cies-la-federation-des-associations-dentreprises-dingenierie-et-de-connaissance-despagne\",\"name\":\"NACE C\u00cdES, LA F\u00c9D\u00c9RATION DES ASSOCIATIONS D'ENTREPRISES D'ING\u00c9NIERIE ET DE CONNAISSANCE D'ESPAGNE - Vielca Ingenieros\",\"isPartOf\":{\"@id\":\"https:\/\/www.vielca.com\/fr#website\"},\"primaryImageOfPage\":{\"@id\":\"https:\/\/www.vielca.com\/fr\/non-classifiee\/nace-cies-la-federation-des-associations-dentreprises-dingenierie-et-de-connaissance-despagne#primaryimage\"},\"image\":{\"@id\":\"https:\/\/www.vielca.com\/fr\/non-classifiee\/nace-cies-la-federation-des-associations-dentreprises-dingenierie-et-de-connaissance-despagne#primaryimage\"},\"thumbnailUrl\":\"https:\/\/www.vielca.com\/wp-content\/uploads\/2022\/10\/210923_01.jpg\",\"datePublished\":\"2021-09-23T06:23:00+00:00\",\"dateModified\":\"2023-03-28T12:04:03+00:00\",\"breadcrumb\":{\"@id\":\"https:\/\/www.vielca.com\/fr\/non-classifiee\/nace-cies-la-federation-des-associations-dentreprises-dingenierie-et-de-connaissance-despagne#breadcrumb\"},\"inLanguage\":\"fr-FR\",\"potentialAction\":[{\"@type\":\"ReadAction\",\"target\":[\"https:\/\/www.vielca.com\/fr\/non-classifiee\/nace-cies-la-federation-des-associations-dentreprises-dingenierie-et-de-connaissance-despagne\"]}]},{\"@type\":\"ImageObject\",\"inLanguage\":\"fr-FR\",\"@id\":\"https:\/\/www.vielca.com\/fr\/non-classifiee\/nace-cies-la-federation-des-associations-dentreprises-dingenierie-et-de-connaissance-despagne#primaryimage\",\"url\":\"https:\/\/www.vielca.com\/wp-content\/uploads\/2022\/10\/210923_01.jpg\",\"contentUrl\":\"https:\/\/www.vielca.com\/wp-content\/uploads\/2022\/10\/210923_01.jpg\",\"width\":758,\"height\":506},{\"@type\":\"BreadcrumbList\",\"@id\":\"https:\/\/www.vielca.com\/fr\/non-classifiee\/nace-cies-la-federation-des-associations-dentreprises-dingenierie-et-de-connaissance-despagne#breadcrumb\",\"itemListElement\":[{\"@type\":\"ListItem\",\"position\":1,\"name\":\"Portada\",\"item\":\"https:\/\/www.vielca.com\/fr\/accueil\"},{\"@type\":\"ListItem\",\"position\":2,\"name\":\"NACE C\u00cdES, LA F\u00c9D\u00c9RATION DES ASSOCIATIONS D&#8217;ENTREPRISES D&#8217;ING\u00c9NIERIE ET DE CONNAISSANCE D&#8217;ESPAGNE\"}]},{\"@type\":\"WebSite\",\"@id\":\"https:\/\/www.vielca.com\/fr#website\",\"url\":\"https:\/\/www.vielca.com\/fr\",\"name\":\"Vielca Ingenieros\",\"description\":\"El referente en la ingenier\u00eda\",\"publisher\":{\"@id\":\"https:\/\/www.vielca.com\/fr#organization\"},\"potentialAction\":[{\"@type\":\"SearchAction\",\"target\":{\"@type\":\"EntryPoint\",\"urlTemplate\":\"https:\/\/www.vielca.com\/fr?s={search_term_string}\"},\"query-input\":{\"@type\":\"PropertyValueSpecification\",\"valueRequired\":true,\"valueName\":\"search_term_string\"}}],\"inLanguage\":\"fr-FR\"},{\"@type\":\"Organization\",\"@id\":\"https:\/\/www.vielca.com\/fr#organization\",\"name\":\"Vielca Ingenieros\",\"url\":\"https:\/\/www.vielca.com\/fr\",\"logo\":{\"@type\":\"ImageObject\",\"inLanguage\":\"fr-FR\",\"@id\":\"https:\/\/www.vielca.com\/fr#\/schema\/logo\/image\/\",\"url\":\"https:\/\/www.vielca.com\/wp-content\/uploads\/2022\/10\/VIELCA-INGENIEROS-logotipo.png\",\"contentUrl\":\"https:\/\/www.vielca.com\/wp-content\/uploads\/2022\/10\/VIELCA-INGENIEROS-logotipo.png\",\"width\":1527,\"height\":477,\"caption\":\"Vielca Ingenieros\"},\"image\":{\"@id\":\"https:\/\/www.vielca.com\/fr#\/schema\/logo\/image\/\"},\"sameAs\":[\"https:\/\/www.linkedin.com\/company\/vielca-ingenieros-s.a.\",\"https:\/\/www.instagram.com\/vielca_ingenieros\/\"]},{\"@type\":\"Person\",\"@id\":\"https:\/\/www.vielca.com\/fr#\/schema\/person\/335b1a232be3346bf083ffa8038e9d3b\",\"name\":\"Vielca\",\"sameAs\":[\"https:\/\/www.vielca.com\"],\"url\":\"https:\/\/www.vielca.com\/fr\/author\/vielca\"}]}<\/script>\r\n<!-- \/ Yoast SEO plugin. -->","yoast_head_json":{"title":"NACE C\u00cdES, LA F\u00c9D\u00c9RATION DES ASSOCIATIONS D'ENTREPRISES D'ING\u00c9NIERIE ET DE CONNAISSANCE D'ESPAGNE - Vielca Ingenieros","robots":{"index":"index","follow":"follow","max-snippet":"max-snippet:-1","max-image-preview":"max-image-preview:large","max-video-preview":"max-video-preview:-1"},"canonical":"https:\/\/www.vielca.com\/fr\/non-classifiee\/nace-cies-la-federation-des-associations-dentreprises-dingenierie-et-de-connaissance-despagne","og_locale":"fr_FR","og_type":"article","og_title":"NACE C\u00cdES, LA F\u00c9D\u00c9RATION DES ASSOCIATIONS D'ENTREPRISES D'ING\u00c9NIERIE ET DE CONNAISSANCE D'ESPAGNE - Vielca Ingenieros","og_description":"Cet apr\u00e8s-midi a eu lieu \u00e0 Madrid l&rsquo;\u00e9v\u00e9nement fondateur de la nouvelle F\u00e9d\u00e9ration des Associations d&rsquo;Entreprises d&rsquo;Ing\u00e9nierie et de Connaissance d&rsquo;Espagne, la CIES, organisation patronale cr\u00e9\u00e9e pour repr\u00e9senter les int\u00e9r\u00eats de pr\u00e8s de 200 entreprises appartenant au secteur de l&rsquo;ing\u00e9nierie-conseil dans toutes ses branches, l&rsquo;architecture, les services technologiques, le conseil, l&rsquo;innovation et l&rsquo;industrie de la [&hellip;]","og_url":"https:\/\/www.vielca.com\/fr\/non-classifiee\/nace-cies-la-federation-des-associations-dentreprises-dingenierie-et-de-connaissance-despagne","og_site_name":"Vielca Ingenieros","article_published_time":"2021-09-23T06:23:00+00:00","article_modified_time":"2023-03-28T12:04:03+00:00","og_image":[{"width":758,"height":506,"url":"https:\/\/www.vielca.com\/wp-content\/uploads\/2022\/10\/210923_01.jpg","type":"image\/jpeg"}],"author":"Vielca","twitter_card":"summary_large_image","twitter_misc":{"\u00c9crit par":"Vielca","Dur\u00e9e de lecture estim\u00e9e":"3 minutes"},"schema":{"@context":"https:\/\/schema.org","@graph":[{"@type":"Article","@id":"https:\/\/www.vielca.com\/fr\/non-classifiee\/nace-cies-la-federation-des-associations-dentreprises-dingenierie-et-de-connaissance-despagne#article","isPartOf":{"@id":"https:\/\/www.vielca.com\/fr\/non-classifiee\/nace-cies-la-federation-des-associations-dentreprises-dingenierie-et-de-connaissance-despagne"},"author":{"name":"Vielca","@id":"https:\/\/www.vielca.com\/fr#\/schema\/person\/335b1a232be3346bf083ffa8038e9d3b"},"headline":"NACE C\u00cdES, LA F\u00c9D\u00c9RATION DES ASSOCIATIONS D&rsquo;ENTREPRISES D&rsquo;ING\u00c9NIERIE ET DE CONNAISSANCE D&rsquo;ESPAGNE","datePublished":"2021-09-23T06:23:00+00:00","dateModified":"2023-03-28T12:04:03+00:00","mainEntityOfPage":{"@id":"https:\/\/www.vielca.com\/fr\/non-classifiee\/nace-cies-la-federation-des-associations-dentreprises-dingenierie-et-de-connaissance-despagne"},"wordCount":694,"publisher":{"@id":"https:\/\/www.vielca.com\/fr#organization"},"image":{"@id":"https:\/\/www.vielca.com\/fr\/non-classifiee\/nace-cies-la-federation-des-associations-dentreprises-dingenierie-et-de-connaissance-despagne#primaryimage"},"thumbnailUrl":"https:\/\/www.vielca.com\/wp-content\/uploads\/2022\/10\/210923_01.jpg","articleSection":["Non classifi\u00e9(e)"],"inLanguage":"fr-FR"},{"@type":"WebPage","@id":"https:\/\/www.vielca.com\/fr\/non-classifiee\/nace-cies-la-federation-des-associations-dentreprises-dingenierie-et-de-connaissance-despagne","url":"https:\/\/www.vielca.com\/fr\/non-classifiee\/nace-cies-la-federation-des-associations-dentreprises-dingenierie-et-de-connaissance-despagne","name":"NACE C\u00cdES, LA F\u00c9D\u00c9RATION DES ASSOCIATIONS D'ENTREPRISES D'ING\u00c9NIERIE ET DE CONNAISSANCE D'ESPAGNE - Vielca Ingenieros","isPartOf":{"@id":"https:\/\/www.vielca.com\/fr#website"},"primaryImageOfPage":{"@id":"https:\/\/www.vielca.com\/fr\/non-classifiee\/nace-cies-la-federation-des-associations-dentreprises-dingenierie-et-de-connaissance-despagne#primaryimage"},"image":{"@id":"https:\/\/www.vielca.com\/fr\/non-classifiee\/nace-cies-la-federation-des-associations-dentreprises-dingenierie-et-de-connaissance-despagne#primaryimage"},"thumbnailUrl":"https:\/\/www.vielca.com\/wp-content\/uploads\/2022\/10\/210923_01.jpg","datePublished":"2021-09-23T06:23:00+00:00","dateModified":"2023-03-28T12:04:03+00:00","breadcrumb":{"@id":"https:\/\/www.vielca.com\/fr\/non-classifiee\/nace-cies-la-federation-des-associations-dentreprises-dingenierie-et-de-connaissance-despagne#breadcrumb"},"inLanguage":"fr-FR","potentialAction":[{"@type":"ReadAction","target":["https:\/\/www.vielca.com\/fr\/non-classifiee\/nace-cies-la-federation-des-associations-dentreprises-dingenierie-et-de-connaissance-despagne"]}]},{"@type":"ImageObject","inLanguage":"fr-FR","@id":"https:\/\/www.vielca.com\/fr\/non-classifiee\/nace-cies-la-federation-des-associations-dentreprises-dingenierie-et-de-connaissance-despagne#primaryimage","url":"https:\/\/www.vielca.com\/wp-content\/uploads\/2022\/10\/210923_01.jpg","contentUrl":"https:\/\/www.vielca.com\/wp-content\/uploads\/2022\/10\/210923_01.jpg","width":758,"height":506},{"@type":"BreadcrumbList","@id":"https:\/\/www.vielca.com\/fr\/non-classifiee\/nace-cies-la-federation-des-associations-dentreprises-dingenierie-et-de-connaissance-despagne#breadcrumb","itemListElement":[{"@type":"ListItem","position":1,"name":"Portada","item":"https:\/\/www.vielca.com\/fr\/accueil"},{"@type":"ListItem","position":2,"name":"NACE C\u00cdES, LA F\u00c9D\u00c9RATION DES ASSOCIATIONS D&#8217;ENTREPRISES D&#8217;ING\u00c9NIERIE ET DE CONNAISSANCE D&#8217;ESPAGNE"}]},{"@type":"WebSite","@id":"https:\/\/www.vielca.com\/fr#website","url":"https:\/\/www.vielca.com\/fr","name":"Vielca Ingenieros","description":"El referente en la ingenier\u00eda","publisher":{"@id":"https:\/\/www.vielca.com\/fr#organization"},"potentialAction":[{"@type":"SearchAction","target":{"@type":"EntryPoint","urlTemplate":"https:\/\/www.vielca.com\/fr?s={search_term_string}"},"query-input":{"@type":"PropertyValueSpecification","valueRequired":true,"valueName":"search_term_string"}}],"inLanguage":"fr-FR"},{"@type":"Organization","@id":"https:\/\/www.vielca.com\/fr#organization","name":"Vielca Ingenieros","url":"https:\/\/www.vielca.com\/fr","logo":{"@type":"ImageObject","inLanguage":"fr-FR","@id":"https:\/\/www.vielca.com\/fr#\/schema\/logo\/image\/","url":"https:\/\/www.vielca.com\/wp-content\/uploads\/2022\/10\/VIELCA-INGENIEROS-logotipo.png","contentUrl":"https:\/\/www.vielca.com\/wp-content\/uploads\/2022\/10\/VIELCA-INGENIEROS-logotipo.png","width":1527,"height":477,"caption":"Vielca Ingenieros"},"image":{"@id":"https:\/\/www.vielca.com\/fr#\/schema\/logo\/image\/"},"sameAs":["https:\/\/www.linkedin.com\/company\/vielca-ingenieros-s.a.","https:\/\/www.instagram.com\/vielca_ingenieros\/"]},{"@type":"Person","@id":"https:\/\/www.vielca.com\/fr#\/schema\/person\/335b1a232be3346bf083ffa8038e9d3b","name":"Vielca","sameAs":["https:\/\/www.vielca.com"],"url":"https:\/\/www.vielca.com\/fr\/author\/vielca"}]}},"_links":{"self":[{"href":"https:\/\/www.vielca.com\/fr\/wp-json\/wp\/v2\/posts\/12038","targetHints":{"allow":["GET"]}}],"collection":[{"href":"https:\/\/www.vielca.com\/fr\/wp-json\/wp\/v2\/posts"}],"about":[{"href":"https:\/\/www.vielca.com\/fr\/wp-json\/wp\/v2\/types\/post"}],"author":[{"embeddable":true,"href":"https:\/\/www.vielca.com\/fr\/wp-json\/wp\/v2\/users\/1"}],"replies":[{"embeddable":true,"href":"https:\/\/www.vielca.com\/fr\/wp-json\/wp\/v2\/comments?post=12038"}],"version-history":[{"count":1,"href":"https:\/\/www.vielca.com\/fr\/wp-json\/wp\/v2\/posts\/12038\/revisions"}],"predecessor-version":[{"id":12039,"href":"https:\/\/www.vielca.com\/fr\/wp-json\/wp\/v2\/posts\/12038\/revisions\/12039"}],"wp:featuredmedia":[{"embeddable":true,"href":"https:\/\/www.vielca.com\/fr\/wp-json\/wp\/v2\/media\/11461"}],"wp:attachment":[{"href":"https:\/\/www.vielca.com\/fr\/wp-json\/wp\/v2\/media?parent=12038"}],"wp:term":[{"taxonomy":"category","embeddable":true,"href":"https:\/\/www.vielca.com\/fr\/wp-json\/wp\/v2\/categories?post=12038"},{"taxonomy":"post_tag","embeddable":true,"href":"https:\/\/www.vielca.com\/fr\/wp-json\/wp\/v2\/tags?post=12038"}],"curies":[{"name":"wp","href":"https:\/\/api.w.org\/{rel}","templated":true}]}}