{"id":12578,"date":"2023-04-04T09:29:46","date_gmt":"2023-04-04T09:29:46","guid":{"rendered":"https:\/\/www.vielca.com\/sin-categorizar\/trois-nouveaux-plans-de-gestion-des-ressources-forestieres-ont-ete-attribues"},"modified":"2023-04-21T10:38:26","modified_gmt":"2023-04-21T10:38:26","slug":"trois-nouveaux-plans-de-gestion-des-ressources-forestieres-ont-ete-attribues","status":"publish","type":"post","link":"https:\/\/www.vielca.com\/fr\/non-classifiee\/trois-nouveaux-plans-de-gestion-des-ressources-forestieres-ont-ete-attribues","title":{"rendered":"TROIS NOUVEAUX PLANS DE GESTION DES RESSOURCES FORESTI\u00c8RES ONT \u00c9T\u00c9 ATTRIBU\u00c9S"},"content":{"rendered":"\n<p>Le Conseil de l&rsquo;agriculture, du d\u00e9veloppement rural, de l&rsquo;urgence climatique et de la transition \u00e9cologique a r\u00e9cemment confi\u00e9 \u00e0 l&rsquo;ing\u00e9nierie valencienne Vielca Environnement la r\u00e9daction de trois plans d&rsquo;am\u00e9nagement des ressources foresti\u00e8res (PORFS).<\/p>\n\n<p>Chacune de ces \u00e9tudes correspond aux zones foresti\u00e8res de Segorbe, Requena et Alcoi, couvrant une superficie d&rsquo;\u00e9tude qui d\u00e9passe le quart du territoire de la Comunitat Valenciana et qui comprend un total de 123 communes. Il s&rsquo;agit de trois des douze zones foresti\u00e8res qui composent la Comunitat Valenciana, dont trois appartiennent \u00e0 Castell\u00f3n, six \u00e0 Valence et trois \u00e0 Alicante. Les travaux ont d\u00e9but\u00e9 en octobre 2022 et devraient s&rsquo;achever d&rsquo;ici la fin de 2025. Comme l&rsquo;explique Constan Amurrio, directeur technique de cette firme, il s&rsquo;agit d&rsquo;analyser le potentiel des ressources foresti\u00e8res et de jeter les bases d&rsquo;une exploitation foresti\u00e8re durable. L&rsquo;objectif, selon l&rsquo;expert, est de \u00abconjuguer les usages productifs et r\u00e9cr\u00e9atifs avec une conservation ad\u00e9quate de l&rsquo;environnement naturel et du paysage, en s&rsquo;adaptant aux particularit\u00e9s de chaque r\u00e9gion\u00bb.<\/p>\n\n<p><strong>En quoi consistent les travaux<\/strong><\/p>\n\n<p>Les \u00e9tudes prennent en compte de multiples variables. Il part de la r\u00e9vision de la cartographie foresti\u00e8re existante et de son adaptation \u00e0 la r\u00e9alit\u00e9 actuelle, conform\u00e9ment aux crit\u00e8res de la l\u00e9gislation foresti\u00e8re. Les produits qui ont une valeur marchande (bois, bois de chauffage, champignons, p\u00e2turages&#8230;) et les services environnementaux (usage touristique et r\u00e9cr\u00e9atif, att\u00e9nuation du changement climatique, r\u00e9duction des risques d&rsquo;inondation, contr\u00f4le de l&rsquo;\u00e9rosion&#8230;) sont analys\u00e9s afin d&rsquo;\u00e9tablir un cadre de planification permettant d&rsquo;optimiser le caract\u00e8re multifonctionnel de la montagne m\u00e9diterran\u00e9enne, toujours avec des crit\u00e8res de durabilit\u00e9 environnementale et de persistance des massifs forestiers.<\/p>\n\n<p>Une \u00e9quipe multidisciplinaire compos\u00e9e d&rsquo;ing\u00e9nieurs montagnards, d&rsquo;\u00e9cologistes et d&rsquo;ing\u00e9nieurs agronomes participe \u00e0 l&rsquo;\u00e9laboration de ces \u00e9tudes. Comme le souligne Amurrio, \u00ab le PORF sert essentiellement \u00e0 g\u00e9rer durablement les ressources foresti\u00e8res, en essayant d&rsquo;harmoniser les diff\u00e9rentes utilisations qui peuvent exister. Il s&rsquo;agit d&rsquo;un outil de planification technique au niveau interm\u00e9diaire (d\u00e9limitation foresti\u00e8re), qui soutient \u00e0 la fois la planification politique au niveau des collectivit\u00e9s locales et nationales et la planification op\u00e9rationnelle au niveau des exploitations. <\/p>\n\n<p><strong>Partenaire de la pr\u00e9vention des incendies<\/strong><\/p>\n\n<p>Bien que le PORF n&rsquo;ait pas pour objectif direct de pr\u00e9venir les incendies de for\u00eat, bon nombre des propositions d&rsquo;action qui seront incluses dans les plans favoriseront indirectement la pr\u00e9vention de ces incendies. C&rsquo;est le cas, par exemple, de la r\u00e9duction du combustible dans les zones \u00e0 haut risque en cas d&rsquo;incendie de for\u00eat ou de la planification du d\u00e9veloppement des infrastructures foresti\u00e8res, telles que les routes, qui sont d&rsquo;une grande aide en cas d&rsquo;incendie. En outre, les domaines d&rsquo;action prioritaires pour l&rsquo;am\u00e9lioration des aquif\u00e8res, la lutte contre les ravageurs et les maladies des for\u00eats, le reboisement et bien d&rsquo;autres encore seront \u00e9tudi\u00e9s et d\u00e9taill\u00e9s.<\/p>\n\n<p>Le PORF de Segorbe, par exemple, couvre la zone o\u00f9 s&rsquo;est produit, il y a quelques jours, l&rsquo;un des incendies les plus d\u00e9vastateurs de la province de Castell\u00f3n, originaire de Villanueva de Viver, et qui a d\u00e9j\u00e0 touch\u00e9 plus de cinq mille hectares de l&rsquo;Alto Mijares.<\/p>\n\n<p><strong>100% Castell\u00f3n<\/strong><\/p>\n\n<p>Avec les PORFS de Sant Mateu et Vall d&rsquo;Alba, r\u00e9dig\u00e9s par cette m\u00eame ing\u00e9nierie en 2015 et d\u00e9but 2017, respectivement, la d\u00e9marcation de Segorbe compl\u00e8te le territoire forestier de la province de Castell\u00f3n, ce qui fait que Vielca Medio Ambiente, appartenant au groupe Vielca, couvre avec ses \u00e9tudes l&rsquo;ensemble du territoire castilonais. <\/p>\n\n<p>L&rsquo;entreprise a une exp\u00e9rience \u00e9prouv\u00e9e dans l&rsquo;inventaire des for\u00eats, l&rsquo;\u00e9valuation et l&rsquo;\u00e9valuation des \u00e9cosyst\u00e8mes forestiers, et le d\u00e9veloppement d&rsquo;outils informatiques avanc\u00e9s de surveillance pour la restauration foresti\u00e8re et paysag\u00e8re, tant \u00e0 l&rsquo;int\u00e9rieur qu&rsquo;\u00e0 l&rsquo;ext\u00e9rieur de la L&rsquo;entreprise a une exp\u00e9rience \u00e9prouv\u00e9e dans l&rsquo;inventaire des for\u00eats, l&rsquo;\u00e9valuation et l&rsquo;\u00e9valuation des \u00e9cosyst\u00e8mes forestiers, et le d\u00e9veloppement d&rsquo;outils informatiques avanc\u00e9s de surveillance pour la restauration foresti\u00e8re et paysag\u00e8re, tant \u00e0 l&rsquo;int\u00e9rieur qu&rsquo;\u00e0 l&rsquo;ext\u00e9rieur de la Comunitat Valenciana. En outre, ses techniciens ont men\u00e9 une campagne d &lsquo; information sur les incendies \u00e0 l &lsquo; intention des habitants des zones sensibles.<\/p>\n","protected":false},"excerpt":{"rendered":"<p>Le Conseil de l&rsquo;agriculture, du d\u00e9veloppement rural, de l&rsquo;urgence climatique et de la transition \u00e9cologique a r\u00e9cemment confi\u00e9 \u00e0 l&rsquo;ing\u00e9nierie valencienne Vielca Environnement la r\u00e9daction de trois plans d&rsquo;am\u00e9nagement des ressources foresti\u00e8res (PORFS). Chacune de ces \u00e9tudes correspond aux zones foresti\u00e8res de Segorbe, Requena et Alcoi, couvrant une superficie d&rsquo;\u00e9tude qui d\u00e9passe le quart du [&hellip;]<\/p>\n","protected":false},"author":1,"featured_media":12334,"comment_status":"closed","ping_status":"closed","sticky":false,"template":"","format":"standard","meta":{"footnotes":""},"categories":[1],"tags":[],"class_list":["post-12578","post","type-post","status-publish","format-standard","has-post-thumbnail","hentry","category-sin-categorizar"],"yoast_head":"<!-- This site is optimized with the Yoast SEO plugin v25.9 - https:\/\/yoast.com\/wordpress\/plugins\/seo\/ -->\r\n<title>TROIS NOUVEAUX PLANS DE GESTION DES RESSOURCES FORESTI\u00c8RES ONT \u00c9T\u00c9 ATTRIBU\u00c9S - Vielca Ingenieros<\/title>\r\n<meta name=\"robots\" content=\"index, follow, max-snippet:-1, max-image-preview:large, max-video-preview:-1\" \/>\r\n<link rel=\"canonical\" href=\"https:\/\/www.vielca.com\/fr\/non-classifiee\/trois-nouveaux-plans-de-gestion-des-ressources-forestieres-ont-ete-attribues\" \/>\r\n<meta property=\"og:locale\" content=\"fr_FR\" \/>\r\n<meta property=\"og:type\" content=\"article\" \/>\r\n<meta property=\"og:title\" content=\"TROIS NOUVEAUX PLANS DE GESTION DES RESSOURCES FORESTI\u00c8RES ONT \u00c9T\u00c9 ATTRIBU\u00c9S - Vielca Ingenieros\" \/>\r\n<meta property=\"og:description\" content=\"Le Conseil de l&rsquo;agriculture, du d\u00e9veloppement rural, de l&rsquo;urgence climatique et de la transition \u00e9cologique a r\u00e9cemment confi\u00e9 \u00e0 l&rsquo;ing\u00e9nierie valencienne Vielca Environnement la r\u00e9daction de trois plans d&rsquo;am\u00e9nagement des ressources foresti\u00e8res (PORFS). Chacune de ces \u00e9tudes correspond aux zones foresti\u00e8res de Segorbe, Requena et Alcoi, couvrant une superficie d&rsquo;\u00e9tude qui d\u00e9passe le quart du [&hellip;]\" \/>\r\n<meta property=\"og:url\" content=\"https:\/\/www.vielca.com\/fr\/non-classifiee\/trois-nouveaux-plans-de-gestion-des-ressources-forestieres-ont-ete-attribues\" \/>\r\n<meta property=\"og:site_name\" content=\"Vielca Ingenieros\" \/>\r\n<meta property=\"article:published_time\" content=\"2023-04-04T09:29:46+00:00\" \/>\r\n<meta property=\"article:modified_time\" content=\"2023-04-21T10:38:26+00:00\" \/>\r\n<meta property=\"og:image\" content=\"https:\/\/www.vielca.com\/wp-content\/uploads\/2023\/04\/noticia.jpg\" \/>\r\n\t<meta property=\"og:image:width\" content=\"800\" \/>\r\n\t<meta property=\"og:image:height\" content=\"600\" \/>\r\n\t<meta property=\"og:image:type\" content=\"image\/jpeg\" \/>\r\n<meta name=\"author\" content=\"Vielca\" \/>\r\n<meta name=\"twitter:card\" content=\"summary_large_image\" \/>\r\n<meta name=\"twitter:label1\" content=\"\u00c9crit par\" \/>\n\t<meta name=\"twitter:data1\" content=\"Vielca\" \/>\n\t<meta name=\"twitter:label2\" content=\"Dur\u00e9e de lecture estim\u00e9e\" \/>\n\t<meta name=\"twitter:data2\" content=\"4 minutes\" \/>\r\n<script type=\"application\/ld+json\" class=\"yoast-schema-graph\">{\"@context\":\"https:\/\/schema.org\",\"@graph\":[{\"@type\":\"Article\",\"@id\":\"https:\/\/www.vielca.com\/fr\/non-classifiee\/trois-nouveaux-plans-de-gestion-des-ressources-forestieres-ont-ete-attribues#article\",\"isPartOf\":{\"@id\":\"https:\/\/www.vielca.com\/fr\/non-classifiee\/trois-nouveaux-plans-de-gestion-des-ressources-forestieres-ont-ete-attribues\"},\"author\":{\"name\":\"Vielca\",\"@id\":\"https:\/\/www.vielca.com\/fr#\/schema\/person\/335b1a232be3346bf083ffa8038e9d3b\"},\"headline\":\"TROIS NOUVEAUX PLANS DE GESTION DES RESSOURCES FORESTI\u00c8RES ONT \u00c9T\u00c9 ATTRIBU\u00c9S\",\"datePublished\":\"2023-04-04T09:29:46+00:00\",\"dateModified\":\"2023-04-21T10:38:26+00:00\",\"mainEntityOfPage\":{\"@id\":\"https:\/\/www.vielca.com\/fr\/non-classifiee\/trois-nouveaux-plans-de-gestion-des-ressources-forestieres-ont-ete-attribues\"},\"wordCount\":741,\"publisher\":{\"@id\":\"https:\/\/www.vielca.com\/fr#organization\"},\"image\":{\"@id\":\"https:\/\/www.vielca.com\/fr\/non-classifiee\/trois-nouveaux-plans-de-gestion-des-ressources-forestieres-ont-ete-attribues#primaryimage\"},\"thumbnailUrl\":\"https:\/\/www.vielca.com\/wp-content\/uploads\/2023\/04\/noticia.jpg\",\"articleSection\":[\"Sin categorizar\"],\"inLanguage\":\"fr-FR\"},{\"@type\":\"WebPage\",\"@id\":\"https:\/\/www.vielca.com\/fr\/non-classifiee\/trois-nouveaux-plans-de-gestion-des-ressources-forestieres-ont-ete-attribues\",\"url\":\"https:\/\/www.vielca.com\/fr\/non-classifiee\/trois-nouveaux-plans-de-gestion-des-ressources-forestieres-ont-ete-attribues\",\"name\":\"TROIS NOUVEAUX PLANS DE GESTION DES RESSOURCES FORESTI\u00c8RES ONT \u00c9T\u00c9 ATTRIBU\u00c9S - Vielca Ingenieros\",\"isPartOf\":{\"@id\":\"https:\/\/www.vielca.com\/fr#website\"},\"primaryImageOfPage\":{\"@id\":\"https:\/\/www.vielca.com\/fr\/non-classifiee\/trois-nouveaux-plans-de-gestion-des-ressources-forestieres-ont-ete-attribues#primaryimage\"},\"image\":{\"@id\":\"https:\/\/www.vielca.com\/fr\/non-classifiee\/trois-nouveaux-plans-de-gestion-des-ressources-forestieres-ont-ete-attribues#primaryimage\"},\"thumbnailUrl\":\"https:\/\/www.vielca.com\/wp-content\/uploads\/2023\/04\/noticia.jpg\",\"datePublished\":\"2023-04-04T09:29:46+00:00\",\"dateModified\":\"2023-04-21T10:38:26+00:00\",\"breadcrumb\":{\"@id\":\"https:\/\/www.vielca.com\/fr\/non-classifiee\/trois-nouveaux-plans-de-gestion-des-ressources-forestieres-ont-ete-attribues#breadcrumb\"},\"inLanguage\":\"fr-FR\",\"potentialAction\":[{\"@type\":\"ReadAction\",\"target\":[\"https:\/\/www.vielca.com\/fr\/non-classifiee\/trois-nouveaux-plans-de-gestion-des-ressources-forestieres-ont-ete-attribues\"]}]},{\"@type\":\"ImageObject\",\"inLanguage\":\"fr-FR\",\"@id\":\"https:\/\/www.vielca.com\/fr\/non-classifiee\/trois-nouveaux-plans-de-gestion-des-ressources-forestieres-ont-ete-attribues#primaryimage\",\"url\":\"https:\/\/www.vielca.com\/wp-content\/uploads\/2023\/04\/noticia.jpg\",\"contentUrl\":\"https:\/\/www.vielca.com\/wp-content\/uploads\/2023\/04\/noticia.jpg\",\"width\":800,\"height\":600},{\"@type\":\"BreadcrumbList\",\"@id\":\"https:\/\/www.vielca.com\/fr\/non-classifiee\/trois-nouveaux-plans-de-gestion-des-ressources-forestieres-ont-ete-attribues#breadcrumb\",\"itemListElement\":[{\"@type\":\"ListItem\",\"position\":1,\"name\":\"Portada\",\"item\":\"https:\/\/www.vielca.com\/fr\/accueil\"},{\"@type\":\"ListItem\",\"position\":2,\"name\":\"TROIS NOUVEAUX PLANS DE GESTION DES RESSOURCES FORESTI\u00c8RES ONT \u00c9T\u00c9 ATTRIBU\u00c9S\"}]},{\"@type\":\"WebSite\",\"@id\":\"https:\/\/www.vielca.com\/fr#website\",\"url\":\"https:\/\/www.vielca.com\/fr\",\"name\":\"Vielca Ingenieros\",\"description\":\"El referente en la ingenier\u00eda\",\"publisher\":{\"@id\":\"https:\/\/www.vielca.com\/fr#organization\"},\"potentialAction\":[{\"@type\":\"SearchAction\",\"target\":{\"@type\":\"EntryPoint\",\"urlTemplate\":\"https:\/\/www.vielca.com\/fr?s={search_term_string}\"},\"query-input\":{\"@type\":\"PropertyValueSpecification\",\"valueRequired\":true,\"valueName\":\"search_term_string\"}}],\"inLanguage\":\"fr-FR\"},{\"@type\":\"Organization\",\"@id\":\"https:\/\/www.vielca.com\/fr#organization\",\"name\":\"Vielca Ingenieros\",\"url\":\"https:\/\/www.vielca.com\/fr\",\"logo\":{\"@type\":\"ImageObject\",\"inLanguage\":\"fr-FR\",\"@id\":\"https:\/\/www.vielca.com\/fr#\/schema\/logo\/image\/\",\"url\":\"https:\/\/www.vielca.com\/wp-content\/uploads\/2022\/10\/VIELCA-INGENIEROS-logotipo.png\",\"contentUrl\":\"https:\/\/www.vielca.com\/wp-content\/uploads\/2022\/10\/VIELCA-INGENIEROS-logotipo.png\",\"width\":1527,\"height\":477,\"caption\":\"Vielca Ingenieros\"},\"image\":{\"@id\":\"https:\/\/www.vielca.com\/fr#\/schema\/logo\/image\/\"},\"sameAs\":[\"https:\/\/www.linkedin.com\/company\/vielca-ingenieros-s.a.\",\"https:\/\/www.instagram.com\/vielca_ingenieros\/\"]},{\"@type\":\"Person\",\"@id\":\"https:\/\/www.vielca.com\/fr#\/schema\/person\/335b1a232be3346bf083ffa8038e9d3b\",\"name\":\"Vielca\",\"sameAs\":[\"https:\/\/www.vielca.com\"],\"url\":\"https:\/\/www.vielca.com\/fr\/author\/vielca\"}]}<\/script>\r\n<!-- \/ Yoast SEO plugin. -->","yoast_head_json":{"title":"TROIS NOUVEAUX PLANS DE GESTION DES RESSOURCES FORESTI\u00c8RES ONT \u00c9T\u00c9 ATTRIBU\u00c9S - Vielca Ingenieros","robots":{"index":"index","follow":"follow","max-snippet":"max-snippet:-1","max-image-preview":"max-image-preview:large","max-video-preview":"max-video-preview:-1"},"canonical":"https:\/\/www.vielca.com\/fr\/non-classifiee\/trois-nouveaux-plans-de-gestion-des-ressources-forestieres-ont-ete-attribues","og_locale":"fr_FR","og_type":"article","og_title":"TROIS NOUVEAUX PLANS DE GESTION DES RESSOURCES FORESTI\u00c8RES ONT \u00c9T\u00c9 ATTRIBU\u00c9S - Vielca Ingenieros","og_description":"Le Conseil de l&rsquo;agriculture, du d\u00e9veloppement rural, de l&rsquo;urgence climatique et de la transition \u00e9cologique a r\u00e9cemment confi\u00e9 \u00e0 l&rsquo;ing\u00e9nierie valencienne Vielca Environnement la r\u00e9daction de trois plans d&rsquo;am\u00e9nagement des ressources foresti\u00e8res (PORFS). Chacune de ces \u00e9tudes correspond aux zones foresti\u00e8res de Segorbe, Requena et Alcoi, couvrant une superficie d&rsquo;\u00e9tude qui d\u00e9passe le quart du [&hellip;]","og_url":"https:\/\/www.vielca.com\/fr\/non-classifiee\/trois-nouveaux-plans-de-gestion-des-ressources-forestieres-ont-ete-attribues","og_site_name":"Vielca Ingenieros","article_published_time":"2023-04-04T09:29:46+00:00","article_modified_time":"2023-04-21T10:38:26+00:00","og_image":[{"width":800,"height":600,"url":"https:\/\/www.vielca.com\/wp-content\/uploads\/2023\/04\/noticia.jpg","type":"image\/jpeg"}],"author":"Vielca","twitter_card":"summary_large_image","twitter_misc":{"\u00c9crit par":"Vielca","Dur\u00e9e de lecture estim\u00e9e":"4 minutes"},"schema":{"@context":"https:\/\/schema.org","@graph":[{"@type":"Article","@id":"https:\/\/www.vielca.com\/fr\/non-classifiee\/trois-nouveaux-plans-de-gestion-des-ressources-forestieres-ont-ete-attribues#article","isPartOf":{"@id":"https:\/\/www.vielca.com\/fr\/non-classifiee\/trois-nouveaux-plans-de-gestion-des-ressources-forestieres-ont-ete-attribues"},"author":{"name":"Vielca","@id":"https:\/\/www.vielca.com\/fr#\/schema\/person\/335b1a232be3346bf083ffa8038e9d3b"},"headline":"TROIS NOUVEAUX PLANS DE GESTION DES RESSOURCES FORESTI\u00c8RES ONT \u00c9T\u00c9 ATTRIBU\u00c9S","datePublished":"2023-04-04T09:29:46+00:00","dateModified":"2023-04-21T10:38:26+00:00","mainEntityOfPage":{"@id":"https:\/\/www.vielca.com\/fr\/non-classifiee\/trois-nouveaux-plans-de-gestion-des-ressources-forestieres-ont-ete-attribues"},"wordCount":741,"publisher":{"@id":"https:\/\/www.vielca.com\/fr#organization"},"image":{"@id":"https:\/\/www.vielca.com\/fr\/non-classifiee\/trois-nouveaux-plans-de-gestion-des-ressources-forestieres-ont-ete-attribues#primaryimage"},"thumbnailUrl":"https:\/\/www.vielca.com\/wp-content\/uploads\/2023\/04\/noticia.jpg","articleSection":["Sin categorizar"],"inLanguage":"fr-FR"},{"@type":"WebPage","@id":"https:\/\/www.vielca.com\/fr\/non-classifiee\/trois-nouveaux-plans-de-gestion-des-ressources-forestieres-ont-ete-attribues","url":"https:\/\/www.vielca.com\/fr\/non-classifiee\/trois-nouveaux-plans-de-gestion-des-ressources-forestieres-ont-ete-attribues","name":"TROIS NOUVEAUX PLANS DE GESTION DES RESSOURCES FORESTI\u00c8RES ONT \u00c9T\u00c9 ATTRIBU\u00c9S - Vielca Ingenieros","isPartOf":{"@id":"https:\/\/www.vielca.com\/fr#website"},"primaryImageOfPage":{"@id":"https:\/\/www.vielca.com\/fr\/non-classifiee\/trois-nouveaux-plans-de-gestion-des-ressources-forestieres-ont-ete-attribues#primaryimage"},"image":{"@id":"https:\/\/www.vielca.com\/fr\/non-classifiee\/trois-nouveaux-plans-de-gestion-des-ressources-forestieres-ont-ete-attribues#primaryimage"},"thumbnailUrl":"https:\/\/www.vielca.com\/wp-content\/uploads\/2023\/04\/noticia.jpg","datePublished":"2023-04-04T09:29:46+00:00","dateModified":"2023-04-21T10:38:26+00:00","breadcrumb":{"@id":"https:\/\/www.vielca.com\/fr\/non-classifiee\/trois-nouveaux-plans-de-gestion-des-ressources-forestieres-ont-ete-attribues#breadcrumb"},"inLanguage":"fr-FR","potentialAction":[{"@type":"ReadAction","target":["https:\/\/www.vielca.com\/fr\/non-classifiee\/trois-nouveaux-plans-de-gestion-des-ressources-forestieres-ont-ete-attribues"]}]},{"@type":"ImageObject","inLanguage":"fr-FR","@id":"https:\/\/www.vielca.com\/fr\/non-classifiee\/trois-nouveaux-plans-de-gestion-des-ressources-forestieres-ont-ete-attribues#primaryimage","url":"https:\/\/www.vielca.com\/wp-content\/uploads\/2023\/04\/noticia.jpg","contentUrl":"https:\/\/www.vielca.com\/wp-content\/uploads\/2023\/04\/noticia.jpg","width":800,"height":600},{"@type":"BreadcrumbList","@id":"https:\/\/www.vielca.com\/fr\/non-classifiee\/trois-nouveaux-plans-de-gestion-des-ressources-forestieres-ont-ete-attribues#breadcrumb","itemListElement":[{"@type":"ListItem","position":1,"name":"Portada","item":"https:\/\/www.vielca.com\/fr\/accueil"},{"@type":"ListItem","position":2,"name":"TROIS NOUVEAUX PLANS DE GESTION DES RESSOURCES FORESTI\u00c8RES ONT \u00c9T\u00c9 ATTRIBU\u00c9S"}]},{"@type":"WebSite","@id":"https:\/\/www.vielca.com\/fr#website","url":"https:\/\/www.vielca.com\/fr","name":"Vielca Ingenieros","description":"El referente en la ingenier\u00eda","publisher":{"@id":"https:\/\/www.vielca.com\/fr#organization"},"potentialAction":[{"@type":"SearchAction","target":{"@type":"EntryPoint","urlTemplate":"https:\/\/www.vielca.com\/fr?s={search_term_string}"},"query-input":{"@type":"PropertyValueSpecification","valueRequired":true,"valueName":"search_term_string"}}],"inLanguage":"fr-FR"},{"@type":"Organization","@id":"https:\/\/www.vielca.com\/fr#organization","name":"Vielca Ingenieros","url":"https:\/\/www.vielca.com\/fr","logo":{"@type":"ImageObject","inLanguage":"fr-FR","@id":"https:\/\/www.vielca.com\/fr#\/schema\/logo\/image\/","url":"https:\/\/www.vielca.com\/wp-content\/uploads\/2022\/10\/VIELCA-INGENIEROS-logotipo.png","contentUrl":"https:\/\/www.vielca.com\/wp-content\/uploads\/2022\/10\/VIELCA-INGENIEROS-logotipo.png","width":1527,"height":477,"caption":"Vielca Ingenieros"},"image":{"@id":"https:\/\/www.vielca.com\/fr#\/schema\/logo\/image\/"},"sameAs":["https:\/\/www.linkedin.com\/company\/vielca-ingenieros-s.a.","https:\/\/www.instagram.com\/vielca_ingenieros\/"]},{"@type":"Person","@id":"https:\/\/www.vielca.com\/fr#\/schema\/person\/335b1a232be3346bf083ffa8038e9d3b","name":"Vielca","sameAs":["https:\/\/www.vielca.com"],"url":"https:\/\/www.vielca.com\/fr\/author\/vielca"}]}},"_links":{"self":[{"href":"https:\/\/www.vielca.com\/fr\/wp-json\/wp\/v2\/posts\/12578","targetHints":{"allow":["GET"]}}],"collection":[{"href":"https:\/\/www.vielca.com\/fr\/wp-json\/wp\/v2\/posts"}],"about":[{"href":"https:\/\/www.vielca.com\/fr\/wp-json\/wp\/v2\/types\/post"}],"author":[{"embeddable":true,"href":"https:\/\/www.vielca.com\/fr\/wp-json\/wp\/v2\/users\/1"}],"replies":[{"embeddable":true,"href":"https:\/\/www.vielca.com\/fr\/wp-json\/wp\/v2\/comments?post=12578"}],"version-history":[{"count":1,"href":"https:\/\/www.vielca.com\/fr\/wp-json\/wp\/v2\/posts\/12578\/revisions"}],"predecessor-version":[{"id":12579,"href":"https:\/\/www.vielca.com\/fr\/wp-json\/wp\/v2\/posts\/12578\/revisions\/12579"}],"wp:featuredmedia":[{"embeddable":true,"href":"https:\/\/www.vielca.com\/fr\/wp-json\/wp\/v2\/media\/12334"}],"wp:attachment":[{"href":"https:\/\/www.vielca.com\/fr\/wp-json\/wp\/v2\/media?parent=12578"}],"wp:term":[{"taxonomy":"category","embeddable":true,"href":"https:\/\/www.vielca.com\/fr\/wp-json\/wp\/v2\/categories?post=12578"},{"taxonomy":"post_tag","embeddable":true,"href":"https:\/\/www.vielca.com\/fr\/wp-json\/wp\/v2\/tags?post=12578"}],"curies":[{"name":"wp","href":"https:\/\/api.w.org\/{rel}","templated":true}]}}