{"id":16126,"date":"2023-09-18T17:38:00","date_gmt":"2023-09-18T17:38:00","guid":{"rendered":"https:\/\/www.vielca.com\/non-classifiee\/debut-des-travaux-d-agrandissement-des-hopitaux-de-chiquimula-et-de-solola"},"modified":"2025-07-31T10:23:28","modified_gmt":"2025-07-31T10:23:28","slug":"debut-des-travaux-d-agrandissement-des-hopitaux-de-chiquimula-et-de-solola","status":"publish","type":"post","link":"https:\/\/www.vielca.com\/fr\/nouvelles\/debut-des-travaux-d-agrandissement-des-hopitaux-de-chiquimula-et-de-solola","title":{"rendered":"D\u00c9BUT DES TRAVAUX D &lsquo; AGRANDISSEMENT DES H\u00d4PITAUX DE CHIQUIMULA ET DE SOLOL\u00c1"},"content":{"rendered":"\n<p>Des progr\u00e8s encourageants ont \u00e9t\u00e9 accomplis dans l&rsquo;am\u00e9lioration des soins de sant\u00e9 \u00e0 Chiquimula et Solol\u00e1. Les travaux d&rsquo;agrandissement des h\u00f4pitaux des deux d\u00e9partements ont commenc\u00e9 pour r\u00e9pondre \u00e0 la demande croissante de services de sant\u00e9.<\/p>\n\n<p>La conseill\u00e8re Irayda Ruiz a partag\u00e9 les d\u00e9tails cl\u00e9s de cette initiative. \u00c0 Chiquimula, la capacit\u00e9 d &lsquo; accueil passera de 170 \u00e0 214 lits et \u00e0 Solol\u00e1, elle sera doubl\u00e9e, passant de 123 \u00e0 268 lits.<\/p>\n\n<p>L&rsquo;investissement pour l&rsquo;h\u00f4pital de Chiquimula est estim\u00e9 \u00e0 USD 33,641,077,93 et \u00e0 USD 35,127,961,85 pour l&rsquo;h\u00f4pital de Solol\u00e1, financ\u00e9s en partie par un pr\u00eat de la Banque centram\u00e9ricaine d&rsquo;int\u00e9gration \u00e9conomique.<\/p>\n\n<p>Ce projet repr\u00e9sente une transformation totale de l&rsquo;infrastructure hospitali\u00e8re. \u00c0 Chiquimula, 10 500 m\u00e8tres carr\u00e9s suppl\u00e9mentaires seront construits et \u00e0 Solol\u00e1, des sections ont \u00e9t\u00e9 d\u00e9molies pour cr\u00e9er 14 457 m\u00e8tres carr\u00e9s suppl\u00e9mentaires.<\/p>\n\n<p>Une m\u00e9thode FastTrack sera utilis\u00e9e pour acc\u00e9l\u00e9rer les travaux de construction, ce qui devrait permettre d &lsquo; achever les principaux travaux entre juillet et ao\u00fbt 2024.<\/p>\n\n<p>L&rsquo;agrandissement comprendra des zones d&rsquo;urgence distinctes, des installations de diagnostic, des laboratoires, des services de radiologie et des salles d&rsquo;op\u00e9ration bien \u00e9quip\u00e9es. Ce projet repr\u00e9sente une am\u00e9lioration significative des soins de sant\u00e9 aux niveaux d\u00e9partemental et r\u00e9gional.<\/p>\n\n<p>Selon Irayda Ruiz, \u00ab chaque quetzal de ces projets a \u00e9t\u00e9 bien investi dans quelque chose qui n&rsquo;a pas de prix, la sant\u00e9 de la population guat\u00e9malt\u00e8que \u00bb.<\/p>\n\n<div class=\"wp-block-group has-medium-font-size is-vertical is-content-justification-center is-nowrap is-layout-flex wp-container-core-group-is-layout-fc169830 wp-block-group-is-layout-flex\">\n<figure class=\"wp-block-video aligncenter\"><video height=\"480\" style=\"aspect-ratio: 848 \/ 480;\" width=\"848\" controls=\"\" src=\"https:\/\/www.vielca.com\/wp-content\/uploads\/2023\/09\/SOLOLA.mp4\" playsinline=\"\"><\/video><\/figure>\n<\/div>\n","protected":false},"excerpt":{"rendered":"<p>Des progr\u00e8s encourageants ont \u00e9t\u00e9 accomplis dans l&rsquo;am\u00e9lioration des soins de sant\u00e9 \u00e0 Chiquimula et Solol\u00e1. Les travaux d&rsquo;agrandissement des h\u00f4pitaux des deux d\u00e9partements ont commenc\u00e9 pour r\u00e9pondre \u00e0 la demande croissante de services de sant\u00e9. La conseill\u00e8re Irayda Ruiz a partag\u00e9 les d\u00e9tails cl\u00e9s de cette initiative. \u00c0 Chiquimula, la capacit\u00e9 d &lsquo; accueil [&hellip;]<\/p>\n","protected":false},"author":1,"featured_media":15195,"comment_status":"closed","ping_status":"closed","sticky":false,"template":"","format":"standard","meta":{"footnotes":""},"categories":[273,279],"tags":[],"class_list":["post-16126","post","type-post","status-publish","format-standard","has-post-thumbnail","hentry","category-non-classifiee","category-nouvelles"],"yoast_head":"<!-- This site is optimized with the Yoast SEO plugin v25.9 - https:\/\/yoast.com\/wordpress\/plugins\/seo\/ -->\r\n<title>D\u00c9BUT DES TRAVAUX D &#039; AGRANDISSEMENT DES H\u00d4PITAUX DE CHIQUIMULA ET DE SOLOL\u00c1 - Vielca Ingenieros<\/title>\r\n<meta name=\"description\" content=\"Les travaux d&#039;agrandissement des h\u00f4pitaux des deux d\u00e9partements ont commenc\u00e9 pour r\u00e9pondre \u00e0 la demande croissante de services de sant\u00e9.\" \/>\r\n<meta name=\"robots\" content=\"index, follow, max-snippet:-1, max-image-preview:large, max-video-preview:-1\" \/>\r\n<link rel=\"canonical\" href=\"https:\/\/www.vielca.com\/fr\/nouvelles\/debut-des-travaux-d-agrandissement-des-hopitaux-de-chiquimula-et-de-solola\" \/>\r\n<meta property=\"og:locale\" content=\"fr_FR\" \/>\r\n<meta property=\"og:type\" content=\"article\" \/>\r\n<meta property=\"og:title\" content=\"D\u00c9BUT DES TRAVAUX D &#039; AGRANDISSEMENT DES H\u00d4PITAUX DE CHIQUIMULA ET DE SOLOL\u00c1 - Vielca Ingenieros\" \/>\r\n<meta property=\"og:description\" content=\"Les travaux d&#039;agrandissement des h\u00f4pitaux des deux d\u00e9partements ont commenc\u00e9 pour r\u00e9pondre \u00e0 la demande croissante de services de sant\u00e9.\" \/>\r\n<meta property=\"og:url\" content=\"https:\/\/www.vielca.com\/fr\/nouvelles\/debut-des-travaux-d-agrandissement-des-hopitaux-de-chiquimula-et-de-solola\" \/>\r\n<meta property=\"og:site_name\" content=\"Vielca Ingenieros\" \/>\r\n<meta property=\"article:published_time\" content=\"2023-09-18T17:38:00+00:00\" \/>\r\n<meta property=\"article:modified_time\" content=\"2025-07-31T10:23:28+00:00\" \/>\r\n<meta property=\"og:image\" content=\"https:\/\/www.vielca.com\/wp-content\/uploads\/2023\/09\/Copia-de-SOLOLA-1.jpeg\" \/>\r\n\t<meta property=\"og:image:width\" content=\"1600\" \/>\r\n\t<meta property=\"og:image:height\" content=\"1200\" \/>\r\n\t<meta property=\"og:image:type\" content=\"image\/jpeg\" \/>\r\n<meta name=\"author\" content=\"Vielca\" \/>\r\n<meta name=\"twitter:card\" content=\"summary_large_image\" \/>\r\n<meta name=\"twitter:label1\" content=\"\u00c9crit par\" \/>\n\t<meta name=\"twitter:data1\" content=\"Vielca\" \/>\n\t<meta name=\"twitter:label2\" content=\"Dur\u00e9e de lecture estim\u00e9e\" \/>\n\t<meta name=\"twitter:data2\" content=\"1 minute\" \/>\r\n<script type=\"application\/ld+json\" class=\"yoast-schema-graph\">{\"@context\":\"https:\/\/schema.org\",\"@graph\":[{\"@type\":\"Article\",\"@id\":\"https:\/\/www.vielca.com\/fr\/nouvelles\/debut-des-travaux-d-agrandissement-des-hopitaux-de-chiquimula-et-de-solola#article\",\"isPartOf\":{\"@id\":\"https:\/\/www.vielca.com\/fr\/nouvelles\/debut-des-travaux-d-agrandissement-des-hopitaux-de-chiquimula-et-de-solola\"},\"author\":{\"name\":\"Vielca\",\"@id\":\"https:\/\/www.vielca.com\/fr#\/schema\/person\/335b1a232be3346bf083ffa8038e9d3b\"},\"headline\":\"D\u00c9BUT DES TRAVAUX D &lsquo; AGRANDISSEMENT DES H\u00d4PITAUX DE CHIQUIMULA ET DE SOLOL\u00c1\",\"datePublished\":\"2023-09-18T17:38:00+00:00\",\"dateModified\":\"2025-07-31T10:23:28+00:00\",\"mainEntityOfPage\":{\"@id\":\"https:\/\/www.vielca.com\/fr\/nouvelles\/debut-des-travaux-d-agrandissement-des-hopitaux-de-chiquimula-et-de-solola\"},\"wordCount\":257,\"publisher\":{\"@id\":\"https:\/\/www.vielca.com\/fr#organization\"},\"image\":{\"@id\":\"https:\/\/www.vielca.com\/fr\/nouvelles\/debut-des-travaux-d-agrandissement-des-hopitaux-de-chiquimula-et-de-solola#primaryimage\"},\"thumbnailUrl\":\"https:\/\/www.vielca.com\/wp-content\/uploads\/2023\/09\/Copia-de-SOLOLA-1.jpeg\",\"articleSection\":[\"Non classifi\u00e9(e)\",\"Nouvelles\"],\"inLanguage\":\"fr-FR\"},{\"@type\":\"WebPage\",\"@id\":\"https:\/\/www.vielca.com\/fr\/nouvelles\/debut-des-travaux-d-agrandissement-des-hopitaux-de-chiquimula-et-de-solola\",\"url\":\"https:\/\/www.vielca.com\/fr\/nouvelles\/debut-des-travaux-d-agrandissement-des-hopitaux-de-chiquimula-et-de-solola\",\"name\":\"D\u00c9BUT DES TRAVAUX D ' AGRANDISSEMENT DES H\u00d4PITAUX DE CHIQUIMULA ET DE SOLOL\u00c1 - Vielca Ingenieros\",\"isPartOf\":{\"@id\":\"https:\/\/www.vielca.com\/fr#website\"},\"primaryImageOfPage\":{\"@id\":\"https:\/\/www.vielca.com\/fr\/nouvelles\/debut-des-travaux-d-agrandissement-des-hopitaux-de-chiquimula-et-de-solola#primaryimage\"},\"image\":{\"@id\":\"https:\/\/www.vielca.com\/fr\/nouvelles\/debut-des-travaux-d-agrandissement-des-hopitaux-de-chiquimula-et-de-solola#primaryimage\"},\"thumbnailUrl\":\"https:\/\/www.vielca.com\/wp-content\/uploads\/2023\/09\/Copia-de-SOLOLA-1.jpeg\",\"datePublished\":\"2023-09-18T17:38:00+00:00\",\"dateModified\":\"2025-07-31T10:23:28+00:00\",\"description\":\"Les travaux d'agrandissement des h\u00f4pitaux des deux d\u00e9partements ont commenc\u00e9 pour r\u00e9pondre \u00e0 la demande croissante de services de sant\u00e9.\",\"breadcrumb\":{\"@id\":\"https:\/\/www.vielca.com\/fr\/nouvelles\/debut-des-travaux-d-agrandissement-des-hopitaux-de-chiquimula-et-de-solola#breadcrumb\"},\"inLanguage\":\"fr-FR\",\"potentialAction\":[{\"@type\":\"ReadAction\",\"target\":[\"https:\/\/www.vielca.com\/fr\/nouvelles\/debut-des-travaux-d-agrandissement-des-hopitaux-de-chiquimula-et-de-solola\"]}]},{\"@type\":\"ImageObject\",\"inLanguage\":\"fr-FR\",\"@id\":\"https:\/\/www.vielca.com\/fr\/nouvelles\/debut-des-travaux-d-agrandissement-des-hopitaux-de-chiquimula-et-de-solola#primaryimage\",\"url\":\"https:\/\/www.vielca.com\/wp-content\/uploads\/2023\/09\/Copia-de-SOLOLA-1.jpeg\",\"contentUrl\":\"https:\/\/www.vielca.com\/wp-content\/uploads\/2023\/09\/Copia-de-SOLOLA-1.jpeg\",\"width\":1600,\"height\":1200},{\"@type\":\"BreadcrumbList\",\"@id\":\"https:\/\/www.vielca.com\/fr\/nouvelles\/debut-des-travaux-d-agrandissement-des-hopitaux-de-chiquimula-et-de-solola#breadcrumb\",\"itemListElement\":[{\"@type\":\"ListItem\",\"position\":1,\"name\":\"Portada\",\"item\":\"https:\/\/www.vielca.com\/fr\/accueil\"},{\"@type\":\"ListItem\",\"position\":2,\"name\":\"D\u00c9BUT DES TRAVAUX D &lsquo; AGRANDISSEMENT DES H\u00d4PITAUX DE CHIQUIMULA ET DE SOLOL\u00c1\"}]},{\"@type\":\"WebSite\",\"@id\":\"https:\/\/www.vielca.com\/fr#website\",\"url\":\"https:\/\/www.vielca.com\/fr\",\"name\":\"Vielca Ingenieros\",\"description\":\"El referente en la ingenier\u00eda\",\"publisher\":{\"@id\":\"https:\/\/www.vielca.com\/fr#organization\"},\"potentialAction\":[{\"@type\":\"SearchAction\",\"target\":{\"@type\":\"EntryPoint\",\"urlTemplate\":\"https:\/\/www.vielca.com\/fr?s={search_term_string}\"},\"query-input\":{\"@type\":\"PropertyValueSpecification\",\"valueRequired\":true,\"valueName\":\"search_term_string\"}}],\"inLanguage\":\"fr-FR\"},{\"@type\":\"Organization\",\"@id\":\"https:\/\/www.vielca.com\/fr#organization\",\"name\":\"Vielca Ingenieros\",\"url\":\"https:\/\/www.vielca.com\/fr\",\"logo\":{\"@type\":\"ImageObject\",\"inLanguage\":\"fr-FR\",\"@id\":\"https:\/\/www.vielca.com\/fr#\/schema\/logo\/image\/\",\"url\":\"https:\/\/www.vielca.com\/wp-content\/uploads\/2022\/10\/VIELCA-INGENIEROS-logotipo.png\",\"contentUrl\":\"https:\/\/www.vielca.com\/wp-content\/uploads\/2022\/10\/VIELCA-INGENIEROS-logotipo.png\",\"width\":1527,\"height\":477,\"caption\":\"Vielca Ingenieros\"},\"image\":{\"@id\":\"https:\/\/www.vielca.com\/fr#\/schema\/logo\/image\/\"},\"sameAs\":[\"https:\/\/www.linkedin.com\/company\/vielca-ingenieros-s.a.\",\"https:\/\/www.instagram.com\/vielca_ingenieros\/\"]},{\"@type\":\"Person\",\"@id\":\"https:\/\/www.vielca.com\/fr#\/schema\/person\/335b1a232be3346bf083ffa8038e9d3b\",\"name\":\"Vielca\",\"sameAs\":[\"https:\/\/www.vielca.com\"],\"url\":\"https:\/\/www.vielca.com\/fr\/author\/vielca\"}]}<\/script>\r\n<!-- \/ Yoast SEO plugin. -->","yoast_head_json":{"title":"D\u00c9BUT DES TRAVAUX D ' AGRANDISSEMENT DES H\u00d4PITAUX DE CHIQUIMULA ET DE SOLOL\u00c1 - Vielca Ingenieros","description":"Les travaux d'agrandissement des h\u00f4pitaux des deux d\u00e9partements ont commenc\u00e9 pour r\u00e9pondre \u00e0 la demande croissante de services de sant\u00e9.","robots":{"index":"index","follow":"follow","max-snippet":"max-snippet:-1","max-image-preview":"max-image-preview:large","max-video-preview":"max-video-preview:-1"},"canonical":"https:\/\/www.vielca.com\/fr\/nouvelles\/debut-des-travaux-d-agrandissement-des-hopitaux-de-chiquimula-et-de-solola","og_locale":"fr_FR","og_type":"article","og_title":"D\u00c9BUT DES TRAVAUX D ' AGRANDISSEMENT DES H\u00d4PITAUX DE CHIQUIMULA ET DE SOLOL\u00c1 - Vielca Ingenieros","og_description":"Les travaux d'agrandissement des h\u00f4pitaux des deux d\u00e9partements ont commenc\u00e9 pour r\u00e9pondre \u00e0 la demande croissante de services de sant\u00e9.","og_url":"https:\/\/www.vielca.com\/fr\/nouvelles\/debut-des-travaux-d-agrandissement-des-hopitaux-de-chiquimula-et-de-solola","og_site_name":"Vielca Ingenieros","article_published_time":"2023-09-18T17:38:00+00:00","article_modified_time":"2025-07-31T10:23:28+00:00","og_image":[{"width":1600,"height":1200,"url":"https:\/\/www.vielca.com\/wp-content\/uploads\/2023\/09\/Copia-de-SOLOLA-1.jpeg","type":"image\/jpeg"}],"author":"Vielca","twitter_card":"summary_large_image","twitter_misc":{"\u00c9crit par":"Vielca","Dur\u00e9e de lecture estim\u00e9e":"1 minute"},"schema":{"@context":"https:\/\/schema.org","@graph":[{"@type":"Article","@id":"https:\/\/www.vielca.com\/fr\/nouvelles\/debut-des-travaux-d-agrandissement-des-hopitaux-de-chiquimula-et-de-solola#article","isPartOf":{"@id":"https:\/\/www.vielca.com\/fr\/nouvelles\/debut-des-travaux-d-agrandissement-des-hopitaux-de-chiquimula-et-de-solola"},"author":{"name":"Vielca","@id":"https:\/\/www.vielca.com\/fr#\/schema\/person\/335b1a232be3346bf083ffa8038e9d3b"},"headline":"D\u00c9BUT DES TRAVAUX D &lsquo; AGRANDISSEMENT DES H\u00d4PITAUX DE CHIQUIMULA ET DE SOLOL\u00c1","datePublished":"2023-09-18T17:38:00+00:00","dateModified":"2025-07-31T10:23:28+00:00","mainEntityOfPage":{"@id":"https:\/\/www.vielca.com\/fr\/nouvelles\/debut-des-travaux-d-agrandissement-des-hopitaux-de-chiquimula-et-de-solola"},"wordCount":257,"publisher":{"@id":"https:\/\/www.vielca.com\/fr#organization"},"image":{"@id":"https:\/\/www.vielca.com\/fr\/nouvelles\/debut-des-travaux-d-agrandissement-des-hopitaux-de-chiquimula-et-de-solola#primaryimage"},"thumbnailUrl":"https:\/\/www.vielca.com\/wp-content\/uploads\/2023\/09\/Copia-de-SOLOLA-1.jpeg","articleSection":["Non classifi\u00e9(e)","Nouvelles"],"inLanguage":"fr-FR"},{"@type":"WebPage","@id":"https:\/\/www.vielca.com\/fr\/nouvelles\/debut-des-travaux-d-agrandissement-des-hopitaux-de-chiquimula-et-de-solola","url":"https:\/\/www.vielca.com\/fr\/nouvelles\/debut-des-travaux-d-agrandissement-des-hopitaux-de-chiquimula-et-de-solola","name":"D\u00c9BUT DES TRAVAUX D ' AGRANDISSEMENT DES H\u00d4PITAUX DE CHIQUIMULA ET DE SOLOL\u00c1 - Vielca Ingenieros","isPartOf":{"@id":"https:\/\/www.vielca.com\/fr#website"},"primaryImageOfPage":{"@id":"https:\/\/www.vielca.com\/fr\/nouvelles\/debut-des-travaux-d-agrandissement-des-hopitaux-de-chiquimula-et-de-solola#primaryimage"},"image":{"@id":"https:\/\/www.vielca.com\/fr\/nouvelles\/debut-des-travaux-d-agrandissement-des-hopitaux-de-chiquimula-et-de-solola#primaryimage"},"thumbnailUrl":"https:\/\/www.vielca.com\/wp-content\/uploads\/2023\/09\/Copia-de-SOLOLA-1.jpeg","datePublished":"2023-09-18T17:38:00+00:00","dateModified":"2025-07-31T10:23:28+00:00","description":"Les travaux d'agrandissement des h\u00f4pitaux des deux d\u00e9partements ont commenc\u00e9 pour r\u00e9pondre \u00e0 la demande croissante de services de sant\u00e9.","breadcrumb":{"@id":"https:\/\/www.vielca.com\/fr\/nouvelles\/debut-des-travaux-d-agrandissement-des-hopitaux-de-chiquimula-et-de-solola#breadcrumb"},"inLanguage":"fr-FR","potentialAction":[{"@type":"ReadAction","target":["https:\/\/www.vielca.com\/fr\/nouvelles\/debut-des-travaux-d-agrandissement-des-hopitaux-de-chiquimula-et-de-solola"]}]},{"@type":"ImageObject","inLanguage":"fr-FR","@id":"https:\/\/www.vielca.com\/fr\/nouvelles\/debut-des-travaux-d-agrandissement-des-hopitaux-de-chiquimula-et-de-solola#primaryimage","url":"https:\/\/www.vielca.com\/wp-content\/uploads\/2023\/09\/Copia-de-SOLOLA-1.jpeg","contentUrl":"https:\/\/www.vielca.com\/wp-content\/uploads\/2023\/09\/Copia-de-SOLOLA-1.jpeg","width":1600,"height":1200},{"@type":"BreadcrumbList","@id":"https:\/\/www.vielca.com\/fr\/nouvelles\/debut-des-travaux-d-agrandissement-des-hopitaux-de-chiquimula-et-de-solola#breadcrumb","itemListElement":[{"@type":"ListItem","position":1,"name":"Portada","item":"https:\/\/www.vielca.com\/fr\/accueil"},{"@type":"ListItem","position":2,"name":"D\u00c9BUT DES TRAVAUX D &lsquo; AGRANDISSEMENT DES H\u00d4PITAUX DE CHIQUIMULA ET DE SOLOL\u00c1"}]},{"@type":"WebSite","@id":"https:\/\/www.vielca.com\/fr#website","url":"https:\/\/www.vielca.com\/fr","name":"Vielca Ingenieros","description":"El referente en la ingenier\u00eda","publisher":{"@id":"https:\/\/www.vielca.com\/fr#organization"},"potentialAction":[{"@type":"SearchAction","target":{"@type":"EntryPoint","urlTemplate":"https:\/\/www.vielca.com\/fr?s={search_term_string}"},"query-input":{"@type":"PropertyValueSpecification","valueRequired":true,"valueName":"search_term_string"}}],"inLanguage":"fr-FR"},{"@type":"Organization","@id":"https:\/\/www.vielca.com\/fr#organization","name":"Vielca Ingenieros","url":"https:\/\/www.vielca.com\/fr","logo":{"@type":"ImageObject","inLanguage":"fr-FR","@id":"https:\/\/www.vielca.com\/fr#\/schema\/logo\/image\/","url":"https:\/\/www.vielca.com\/wp-content\/uploads\/2022\/10\/VIELCA-INGENIEROS-logotipo.png","contentUrl":"https:\/\/www.vielca.com\/wp-content\/uploads\/2022\/10\/VIELCA-INGENIEROS-logotipo.png","width":1527,"height":477,"caption":"Vielca Ingenieros"},"image":{"@id":"https:\/\/www.vielca.com\/fr#\/schema\/logo\/image\/"},"sameAs":["https:\/\/www.linkedin.com\/company\/vielca-ingenieros-s.a.","https:\/\/www.instagram.com\/vielca_ingenieros\/"]},{"@type":"Person","@id":"https:\/\/www.vielca.com\/fr#\/schema\/person\/335b1a232be3346bf083ffa8038e9d3b","name":"Vielca","sameAs":["https:\/\/www.vielca.com"],"url":"https:\/\/www.vielca.com\/fr\/author\/vielca"}]}},"_links":{"self":[{"href":"https:\/\/www.vielca.com\/fr\/wp-json\/wp\/v2\/posts\/16126","targetHints":{"allow":["GET"]}}],"collection":[{"href":"https:\/\/www.vielca.com\/fr\/wp-json\/wp\/v2\/posts"}],"about":[{"href":"https:\/\/www.vielca.com\/fr\/wp-json\/wp\/v2\/types\/post"}],"author":[{"embeddable":true,"href":"https:\/\/www.vielca.com\/fr\/wp-json\/wp\/v2\/users\/1"}],"replies":[{"embeddable":true,"href":"https:\/\/www.vielca.com\/fr\/wp-json\/wp\/v2\/comments?post=16126"}],"version-history":[{"count":1,"href":"https:\/\/www.vielca.com\/fr\/wp-json\/wp\/v2\/posts\/16126\/revisions"}],"predecessor-version":[{"id":16127,"href":"https:\/\/www.vielca.com\/fr\/wp-json\/wp\/v2\/posts\/16126\/revisions\/16127"}],"wp:featuredmedia":[{"embeddable":true,"href":"https:\/\/www.vielca.com\/fr\/wp-json\/wp\/v2\/media\/15195"}],"wp:attachment":[{"href":"https:\/\/www.vielca.com\/fr\/wp-json\/wp\/v2\/media?parent=16126"}],"wp:term":[{"taxonomy":"category","embeddable":true,"href":"https:\/\/www.vielca.com\/fr\/wp-json\/wp\/v2\/categories?post=16126"},{"taxonomy":"post_tag","embeddable":true,"href":"https:\/\/www.vielca.com\/fr\/wp-json\/wp\/v2\/tags?post=16126"}],"curies":[{"name":"wp","href":"https:\/\/api.w.org\/{rel}","templated":true}]}}