{"id":16128,"date":"2023-10-27T11:48:27","date_gmt":"2023-10-27T11:48:27","guid":{"rendered":"https:\/\/www.vielca.com\/non-classifiee\/la-municipalite-de-valencia-approuve-la-construction-de-la-promenade-attendue-dacces-a-aielo-de-malferit-depuis-lautoroute-a-7"},"modified":"2025-07-31T10:24:11","modified_gmt":"2025-07-31T10:24:11","slug":"la-municipalite-de-valencia-approuve-la-construction-de-la-promenade-attendue-dacces-a-aielo-de-malferit-depuis-lautoroute-a-7","status":"publish","type":"post","link":"https:\/\/www.vielca.com\/fr\/nouvelles\/la-municipalite-de-valencia-approuve-la-construction-de-la-promenade-attendue-dacces-a-aielo-de-malferit-depuis-lautoroute-a-7","title":{"rendered":"LA MUNICIPALIT\u00c9 DE VAL\u00c8NCIA APPROUVE LA CONSTRUCTION DE LA PROMENADE ATTENDUE D&rsquo;ACC\u00c8S \u00c0 AIELO DE MALFERIT DEPUIS L&rsquo;AUTOROUTE A-7"},"content":{"rendered":"\n<p>La Diputaci\u00f3n de Val\u00e8ncia a donn\u00e9 son feu vert au projet qui am\u00e9liorera la s\u00e9curit\u00e9 routi\u00e8re \u00e0 l&rsquo;acc\u00e8s \u00e0 Aielo de Malferit depuis l&rsquo;autoroute A-7. Le nouveau rond-point sera situ\u00e9 au kilom\u00e8tre 20,330 de la route CV-651, ce qui facilitera l&rsquo;acc\u00e8s \u00e0 la vieille ville, au site industriel et au cimeti\u00e8re municipal.<\/p>\n\n<p>Apr\u00e8s des ann\u00e9es de demande de la part de la communaut\u00e9, l&rsquo;approbation finale du projet a \u00e9t\u00e9 annonc\u00e9e hier par la D\u00e9putation. Le rond-point fournira un acc\u00e8s direct \u00e0 la commune, am\u00e9liorera la liaison avec le site industriel d&rsquo;Ibermanta et donnera un caract\u00e8re urbain \u00e0 la route CV-651.<\/p>\n\n<p>Le projet comprend des am\u00e9liorations sur le tron\u00e7on 20 070 \u00e0 20 810 kilom\u00e8tres, offrant ainsi une plus grande s\u00e9curit\u00e9 routi\u00e8re \u00e0 ceux qui acc\u00e8dent au village par l&rsquo;autoroute A-7. Le rond-point r\u00e9gule la vitesse des v\u00e9hicules, assurant la s\u00e9curit\u00e9 des usagers.<\/p>\n\n<p>Le maire d&rsquo;Aielo, Juan Rafael Esp\u00ed, s&rsquo;est d\u00e9clar\u00e9 satisfait de l&rsquo;approbation, soulignant que l&rsquo;infrastructure \u00e9tait une revendication de nombreuses ann\u00e9es. Le projet a commenc\u00e9 sa proc\u00e9dure administrative en septembre 2021 et a \u00e9t\u00e9 attribu\u00e9 \u00e0 Vielca Ingenieros SA.<\/p>\n\n<p>La construction de ce rond-point repr\u00e9sente une avanc\u00e9e significative pour Aielo de Malferit, am\u00e9liorant la mobilit\u00e9 et la s\u00e9curit\u00e9 de l&rsquo;acc\u00e8s depuis l&rsquo;autoroute A-7.<\/p>\n\n<p><a href=\"https:\/\/www.levante-emv.com\/costera\/2023\/10\/25\/luz-verde-reivindicada-glorieta-acceso-93746349.html\">Nouvelles Levante<\/a><\/p>\n","protected":false},"excerpt":{"rendered":"<p>La Diputaci\u00f3n de Val\u00e8ncia a donn\u00e9 son feu vert au projet qui am\u00e9liorera la s\u00e9curit\u00e9 routi\u00e8re \u00e0 l&rsquo;acc\u00e8s \u00e0 Aielo de Malferit depuis l&rsquo;autoroute A-7. Le nouveau rond-point sera situ\u00e9 au kilom\u00e8tre 20,330 de la route CV-651, ce qui facilitera l&rsquo;acc\u00e8s \u00e0 la vieille ville, au site industriel et au cimeti\u00e8re municipal. Apr\u00e8s des ann\u00e9es [&hellip;]<\/p>\n","protected":false},"author":1,"featured_media":16095,"comment_status":"closed","ping_status":"closed","sticky":false,"template":"","format":"standard","meta":{"footnotes":""},"categories":[273,279],"tags":[],"class_list":["post-16128","post","type-post","status-publish","format-standard","has-post-thumbnail","hentry","category-non-classifiee","category-nouvelles"],"yoast_head":"<!-- This site is optimized with the Yoast SEO plugin v25.9 - https:\/\/yoast.com\/wordpress\/plugins\/seo\/ -->\r\n<title>LA MUNICIPALIT\u00c9 DE VAL\u00c8NCIA APPROUVE LA CONSTRUCTION DE LA PROMENADE ATTENDUE D&#039;ACC\u00c8S \u00c0 AIELO DE MALFERIT DEPUIS L&#039;AUTOROUTE A-7 - Vielca Ingenieros<\/title>\r\n<meta name=\"description\" content=\"La Diputaci\u00f3n de Val\u00e8ncia a donn\u00e9 son feu vert au projet qui am\u00e9liorera la s\u00e9curit\u00e9 routi\u00e8re \u00e0 l&#039;acc\u00e8s \u00e0 Aielo de Malferit depuis l&#039;autoroute A-7.\" \/>\r\n<meta name=\"robots\" content=\"index, follow, max-snippet:-1, max-image-preview:large, max-video-preview:-1\" \/>\r\n<link rel=\"canonical\" href=\"https:\/\/www.vielca.com\/fr\/nouvelles\/la-municipalite-de-valencia-approuve-la-construction-de-la-promenade-attendue-dacces-a-aielo-de-malferit-depuis-lautoroute-a-7\" \/>\r\n<meta property=\"og:locale\" content=\"fr_FR\" \/>\r\n<meta property=\"og:type\" content=\"article\" \/>\r\n<meta property=\"og:title\" content=\"LA MUNICIPALIT\u00c9 DE VAL\u00c8NCIA APPROUVE LA CONSTRUCTION DE LA PROMENADE ATTENDUE D&#039;ACC\u00c8S \u00c0 AIELO DE MALFERIT DEPUIS L&#039;AUTOROUTE A-7 - Vielca Ingenieros\" \/>\r\n<meta property=\"og:description\" content=\"La Diputaci\u00f3n de Val\u00e8ncia a donn\u00e9 son feu vert au projet qui am\u00e9liorera la s\u00e9curit\u00e9 routi\u00e8re \u00e0 l&#039;acc\u00e8s \u00e0 Aielo de Malferit depuis l&#039;autoroute A-7.\" \/>\r\n<meta property=\"og:url\" content=\"https:\/\/www.vielca.com\/fr\/nouvelles\/la-municipalite-de-valencia-approuve-la-construction-de-la-promenade-attendue-dacces-a-aielo-de-malferit-depuis-lautoroute-a-7\" \/>\r\n<meta property=\"og:site_name\" content=\"Vielca Ingenieros\" \/>\r\n<meta property=\"article:published_time\" content=\"2023-10-27T11:48:27+00:00\" \/>\r\n<meta property=\"article:modified_time\" content=\"2025-07-31T10:24:11+00:00\" \/>\r\n<meta property=\"og:image\" content=\"https:\/\/www.vielca.com\/wp-content\/uploads\/2023\/10\/IMG_20220525_115901-Large.jpg\" \/>\r\n\t<meta property=\"og:image:width\" content=\"1920\" \/>\r\n\t<meta property=\"og:image:height\" content=\"886\" \/>\r\n\t<meta property=\"og:image:type\" content=\"image\/jpeg\" \/>\r\n<meta name=\"author\" content=\"Vielca\" \/>\r\n<meta name=\"twitter:card\" content=\"summary_large_image\" \/>\r\n<meta name=\"twitter:label1\" content=\"\u00c9crit par\" \/>\n\t<meta name=\"twitter:data1\" content=\"Vielca\" \/>\n\t<meta name=\"twitter:label2\" content=\"Dur\u00e9e de lecture estim\u00e9e\" \/>\n\t<meta name=\"twitter:data2\" content=\"1 minute\" \/>\r\n<script type=\"application\/ld+json\" class=\"yoast-schema-graph\">{\"@context\":\"https:\/\/schema.org\",\"@graph\":[{\"@type\":\"Article\",\"@id\":\"https:\/\/www.vielca.com\/fr\/nouvelles\/la-municipalite-de-valencia-approuve-la-construction-de-la-promenade-attendue-dacces-a-aielo-de-malferit-depuis-lautoroute-a-7#article\",\"isPartOf\":{\"@id\":\"https:\/\/www.vielca.com\/fr\/nouvelles\/la-municipalite-de-valencia-approuve-la-construction-de-la-promenade-attendue-dacces-a-aielo-de-malferit-depuis-lautoroute-a-7\"},\"author\":{\"name\":\"Vielca\",\"@id\":\"https:\/\/www.vielca.com\/fr#\/schema\/person\/335b1a232be3346bf083ffa8038e9d3b\"},\"headline\":\"LA MUNICIPALIT\u00c9 DE VAL\u00c8NCIA APPROUVE LA CONSTRUCTION DE LA PROMENADE ATTENDUE D&rsquo;ACC\u00c8S \u00c0 AIELO DE MALFERIT DEPUIS L&rsquo;AUTOROUTE A-7\",\"datePublished\":\"2023-10-27T11:48:27+00:00\",\"dateModified\":\"2025-07-31T10:24:11+00:00\",\"mainEntityOfPage\":{\"@id\":\"https:\/\/www.vielca.com\/fr\/nouvelles\/la-municipalite-de-valencia-approuve-la-construction-de-la-promenade-attendue-dacces-a-aielo-de-malferit-depuis-lautoroute-a-7\"},\"wordCount\":245,\"publisher\":{\"@id\":\"https:\/\/www.vielca.com\/fr#organization\"},\"image\":{\"@id\":\"https:\/\/www.vielca.com\/fr\/nouvelles\/la-municipalite-de-valencia-approuve-la-construction-de-la-promenade-attendue-dacces-a-aielo-de-malferit-depuis-lautoroute-a-7#primaryimage\"},\"thumbnailUrl\":\"https:\/\/www.vielca.com\/wp-content\/uploads\/2023\/10\/IMG_20220525_115901-Large.jpg\",\"articleSection\":[\"Non classifi\u00e9(e)\",\"Nouvelles\"],\"inLanguage\":\"fr-FR\"},{\"@type\":\"WebPage\",\"@id\":\"https:\/\/www.vielca.com\/fr\/nouvelles\/la-municipalite-de-valencia-approuve-la-construction-de-la-promenade-attendue-dacces-a-aielo-de-malferit-depuis-lautoroute-a-7\",\"url\":\"https:\/\/www.vielca.com\/fr\/nouvelles\/la-municipalite-de-valencia-approuve-la-construction-de-la-promenade-attendue-dacces-a-aielo-de-malferit-depuis-lautoroute-a-7\",\"name\":\"LA MUNICIPALIT\u00c9 DE VAL\u00c8NCIA APPROUVE LA CONSTRUCTION DE LA PROMENADE ATTENDUE D'ACC\u00c8S \u00c0 AIELO DE MALFERIT DEPUIS L'AUTOROUTE A-7 - Vielca Ingenieros\",\"isPartOf\":{\"@id\":\"https:\/\/www.vielca.com\/fr#website\"},\"primaryImageOfPage\":{\"@id\":\"https:\/\/www.vielca.com\/fr\/nouvelles\/la-municipalite-de-valencia-approuve-la-construction-de-la-promenade-attendue-dacces-a-aielo-de-malferit-depuis-lautoroute-a-7#primaryimage\"},\"image\":{\"@id\":\"https:\/\/www.vielca.com\/fr\/nouvelles\/la-municipalite-de-valencia-approuve-la-construction-de-la-promenade-attendue-dacces-a-aielo-de-malferit-depuis-lautoroute-a-7#primaryimage\"},\"thumbnailUrl\":\"https:\/\/www.vielca.com\/wp-content\/uploads\/2023\/10\/IMG_20220525_115901-Large.jpg\",\"datePublished\":\"2023-10-27T11:48:27+00:00\",\"dateModified\":\"2025-07-31T10:24:11+00:00\",\"description\":\"La Diputaci\u00f3n de Val\u00e8ncia a donn\u00e9 son feu vert au projet qui am\u00e9liorera la s\u00e9curit\u00e9 routi\u00e8re \u00e0 l'acc\u00e8s \u00e0 Aielo de Malferit depuis l'autoroute A-7.\",\"breadcrumb\":{\"@id\":\"https:\/\/www.vielca.com\/fr\/nouvelles\/la-municipalite-de-valencia-approuve-la-construction-de-la-promenade-attendue-dacces-a-aielo-de-malferit-depuis-lautoroute-a-7#breadcrumb\"},\"inLanguage\":\"fr-FR\",\"potentialAction\":[{\"@type\":\"ReadAction\",\"target\":[\"https:\/\/www.vielca.com\/fr\/nouvelles\/la-municipalite-de-valencia-approuve-la-construction-de-la-promenade-attendue-dacces-a-aielo-de-malferit-depuis-lautoroute-a-7\"]}]},{\"@type\":\"ImageObject\",\"inLanguage\":\"fr-FR\",\"@id\":\"https:\/\/www.vielca.com\/fr\/nouvelles\/la-municipalite-de-valencia-approuve-la-construction-de-la-promenade-attendue-dacces-a-aielo-de-malferit-depuis-lautoroute-a-7#primaryimage\",\"url\":\"https:\/\/www.vielca.com\/wp-content\/uploads\/2023\/10\/IMG_20220525_115901-Large.jpg\",\"contentUrl\":\"https:\/\/www.vielca.com\/wp-content\/uploads\/2023\/10\/IMG_20220525_115901-Large.jpg\",\"width\":1920,\"height\":886},{\"@type\":\"BreadcrumbList\",\"@id\":\"https:\/\/www.vielca.com\/fr\/nouvelles\/la-municipalite-de-valencia-approuve-la-construction-de-la-promenade-attendue-dacces-a-aielo-de-malferit-depuis-lautoroute-a-7#breadcrumb\",\"itemListElement\":[{\"@type\":\"ListItem\",\"position\":1,\"name\":\"Portada\",\"item\":\"https:\/\/www.vielca.com\/fr\/accueil\"},{\"@type\":\"ListItem\",\"position\":2,\"name\":\"LA MUNICIPALIT\u00c9 DE VAL\u00c8NCIA APPROUVE LA CONSTRUCTION DE LA PROMENADE ATTENDUE D&rsquo;ACC\u00c8S \u00c0 AIELO DE MALFERIT DEPUIS L&rsquo;AUTOROUTE A-7\"}]},{\"@type\":\"WebSite\",\"@id\":\"https:\/\/www.vielca.com\/fr#website\",\"url\":\"https:\/\/www.vielca.com\/fr\",\"name\":\"Vielca Ingenieros\",\"description\":\"El referente en la ingenier\u00eda\",\"publisher\":{\"@id\":\"https:\/\/www.vielca.com\/fr#organization\"},\"potentialAction\":[{\"@type\":\"SearchAction\",\"target\":{\"@type\":\"EntryPoint\",\"urlTemplate\":\"https:\/\/www.vielca.com\/fr?s={search_term_string}\"},\"query-input\":{\"@type\":\"PropertyValueSpecification\",\"valueRequired\":true,\"valueName\":\"search_term_string\"}}],\"inLanguage\":\"fr-FR\"},{\"@type\":\"Organization\",\"@id\":\"https:\/\/www.vielca.com\/fr#organization\",\"name\":\"Vielca Ingenieros\",\"url\":\"https:\/\/www.vielca.com\/fr\",\"logo\":{\"@type\":\"ImageObject\",\"inLanguage\":\"fr-FR\",\"@id\":\"https:\/\/www.vielca.com\/fr#\/schema\/logo\/image\/\",\"url\":\"https:\/\/www.vielca.com\/wp-content\/uploads\/2022\/10\/VIELCA-INGENIEROS-logotipo.png\",\"contentUrl\":\"https:\/\/www.vielca.com\/wp-content\/uploads\/2022\/10\/VIELCA-INGENIEROS-logotipo.png\",\"width\":1527,\"height\":477,\"caption\":\"Vielca Ingenieros\"},\"image\":{\"@id\":\"https:\/\/www.vielca.com\/fr#\/schema\/logo\/image\/\"},\"sameAs\":[\"https:\/\/www.linkedin.com\/company\/vielca-ingenieros-s.a.\",\"https:\/\/www.instagram.com\/vielca_ingenieros\/\"]},{\"@type\":\"Person\",\"@id\":\"https:\/\/www.vielca.com\/fr#\/schema\/person\/335b1a232be3346bf083ffa8038e9d3b\",\"name\":\"Vielca\",\"sameAs\":[\"https:\/\/www.vielca.com\"],\"url\":\"https:\/\/www.vielca.com\/fr\/author\/vielca\"}]}<\/script>\r\n<!-- \/ Yoast SEO plugin. -->","yoast_head_json":{"title":"LA MUNICIPALIT\u00c9 DE VAL\u00c8NCIA APPROUVE LA CONSTRUCTION DE LA PROMENADE ATTENDUE D'ACC\u00c8S \u00c0 AIELO DE MALFERIT DEPUIS L'AUTOROUTE A-7 - Vielca Ingenieros","description":"La Diputaci\u00f3n de Val\u00e8ncia a donn\u00e9 son feu vert au projet qui am\u00e9liorera la s\u00e9curit\u00e9 routi\u00e8re \u00e0 l'acc\u00e8s \u00e0 Aielo de Malferit depuis l'autoroute A-7.","robots":{"index":"index","follow":"follow","max-snippet":"max-snippet:-1","max-image-preview":"max-image-preview:large","max-video-preview":"max-video-preview:-1"},"canonical":"https:\/\/www.vielca.com\/fr\/nouvelles\/la-municipalite-de-valencia-approuve-la-construction-de-la-promenade-attendue-dacces-a-aielo-de-malferit-depuis-lautoroute-a-7","og_locale":"fr_FR","og_type":"article","og_title":"LA MUNICIPALIT\u00c9 DE VAL\u00c8NCIA APPROUVE LA CONSTRUCTION DE LA PROMENADE ATTENDUE D'ACC\u00c8S \u00c0 AIELO DE MALFERIT DEPUIS L'AUTOROUTE A-7 - Vielca Ingenieros","og_description":"La Diputaci\u00f3n de Val\u00e8ncia a donn\u00e9 son feu vert au projet qui am\u00e9liorera la s\u00e9curit\u00e9 routi\u00e8re \u00e0 l'acc\u00e8s \u00e0 Aielo de Malferit depuis l'autoroute A-7.","og_url":"https:\/\/www.vielca.com\/fr\/nouvelles\/la-municipalite-de-valencia-approuve-la-construction-de-la-promenade-attendue-dacces-a-aielo-de-malferit-depuis-lautoroute-a-7","og_site_name":"Vielca Ingenieros","article_published_time":"2023-10-27T11:48:27+00:00","article_modified_time":"2025-07-31T10:24:11+00:00","og_image":[{"width":1920,"height":886,"url":"https:\/\/www.vielca.com\/wp-content\/uploads\/2023\/10\/IMG_20220525_115901-Large.jpg","type":"image\/jpeg"}],"author":"Vielca","twitter_card":"summary_large_image","twitter_misc":{"\u00c9crit par":"Vielca","Dur\u00e9e de lecture estim\u00e9e":"1 minute"},"schema":{"@context":"https:\/\/schema.org","@graph":[{"@type":"Article","@id":"https:\/\/www.vielca.com\/fr\/nouvelles\/la-municipalite-de-valencia-approuve-la-construction-de-la-promenade-attendue-dacces-a-aielo-de-malferit-depuis-lautoroute-a-7#article","isPartOf":{"@id":"https:\/\/www.vielca.com\/fr\/nouvelles\/la-municipalite-de-valencia-approuve-la-construction-de-la-promenade-attendue-dacces-a-aielo-de-malferit-depuis-lautoroute-a-7"},"author":{"name":"Vielca","@id":"https:\/\/www.vielca.com\/fr#\/schema\/person\/335b1a232be3346bf083ffa8038e9d3b"},"headline":"LA MUNICIPALIT\u00c9 DE VAL\u00c8NCIA APPROUVE LA CONSTRUCTION DE LA PROMENADE ATTENDUE D&rsquo;ACC\u00c8S \u00c0 AIELO DE MALFERIT DEPUIS L&rsquo;AUTOROUTE A-7","datePublished":"2023-10-27T11:48:27+00:00","dateModified":"2025-07-31T10:24:11+00:00","mainEntityOfPage":{"@id":"https:\/\/www.vielca.com\/fr\/nouvelles\/la-municipalite-de-valencia-approuve-la-construction-de-la-promenade-attendue-dacces-a-aielo-de-malferit-depuis-lautoroute-a-7"},"wordCount":245,"publisher":{"@id":"https:\/\/www.vielca.com\/fr#organization"},"image":{"@id":"https:\/\/www.vielca.com\/fr\/nouvelles\/la-municipalite-de-valencia-approuve-la-construction-de-la-promenade-attendue-dacces-a-aielo-de-malferit-depuis-lautoroute-a-7#primaryimage"},"thumbnailUrl":"https:\/\/www.vielca.com\/wp-content\/uploads\/2023\/10\/IMG_20220525_115901-Large.jpg","articleSection":["Non classifi\u00e9(e)","Nouvelles"],"inLanguage":"fr-FR"},{"@type":"WebPage","@id":"https:\/\/www.vielca.com\/fr\/nouvelles\/la-municipalite-de-valencia-approuve-la-construction-de-la-promenade-attendue-dacces-a-aielo-de-malferit-depuis-lautoroute-a-7","url":"https:\/\/www.vielca.com\/fr\/nouvelles\/la-municipalite-de-valencia-approuve-la-construction-de-la-promenade-attendue-dacces-a-aielo-de-malferit-depuis-lautoroute-a-7","name":"LA MUNICIPALIT\u00c9 DE VAL\u00c8NCIA APPROUVE LA CONSTRUCTION DE LA PROMENADE ATTENDUE D'ACC\u00c8S \u00c0 AIELO DE MALFERIT DEPUIS L'AUTOROUTE A-7 - Vielca Ingenieros","isPartOf":{"@id":"https:\/\/www.vielca.com\/fr#website"},"primaryImageOfPage":{"@id":"https:\/\/www.vielca.com\/fr\/nouvelles\/la-municipalite-de-valencia-approuve-la-construction-de-la-promenade-attendue-dacces-a-aielo-de-malferit-depuis-lautoroute-a-7#primaryimage"},"image":{"@id":"https:\/\/www.vielca.com\/fr\/nouvelles\/la-municipalite-de-valencia-approuve-la-construction-de-la-promenade-attendue-dacces-a-aielo-de-malferit-depuis-lautoroute-a-7#primaryimage"},"thumbnailUrl":"https:\/\/www.vielca.com\/wp-content\/uploads\/2023\/10\/IMG_20220525_115901-Large.jpg","datePublished":"2023-10-27T11:48:27+00:00","dateModified":"2025-07-31T10:24:11+00:00","description":"La Diputaci\u00f3n de Val\u00e8ncia a donn\u00e9 son feu vert au projet qui am\u00e9liorera la s\u00e9curit\u00e9 routi\u00e8re \u00e0 l'acc\u00e8s \u00e0 Aielo de Malferit depuis l'autoroute A-7.","breadcrumb":{"@id":"https:\/\/www.vielca.com\/fr\/nouvelles\/la-municipalite-de-valencia-approuve-la-construction-de-la-promenade-attendue-dacces-a-aielo-de-malferit-depuis-lautoroute-a-7#breadcrumb"},"inLanguage":"fr-FR","potentialAction":[{"@type":"ReadAction","target":["https:\/\/www.vielca.com\/fr\/nouvelles\/la-municipalite-de-valencia-approuve-la-construction-de-la-promenade-attendue-dacces-a-aielo-de-malferit-depuis-lautoroute-a-7"]}]},{"@type":"ImageObject","inLanguage":"fr-FR","@id":"https:\/\/www.vielca.com\/fr\/nouvelles\/la-municipalite-de-valencia-approuve-la-construction-de-la-promenade-attendue-dacces-a-aielo-de-malferit-depuis-lautoroute-a-7#primaryimage","url":"https:\/\/www.vielca.com\/wp-content\/uploads\/2023\/10\/IMG_20220525_115901-Large.jpg","contentUrl":"https:\/\/www.vielca.com\/wp-content\/uploads\/2023\/10\/IMG_20220525_115901-Large.jpg","width":1920,"height":886},{"@type":"BreadcrumbList","@id":"https:\/\/www.vielca.com\/fr\/nouvelles\/la-municipalite-de-valencia-approuve-la-construction-de-la-promenade-attendue-dacces-a-aielo-de-malferit-depuis-lautoroute-a-7#breadcrumb","itemListElement":[{"@type":"ListItem","position":1,"name":"Portada","item":"https:\/\/www.vielca.com\/fr\/accueil"},{"@type":"ListItem","position":2,"name":"LA MUNICIPALIT\u00c9 DE VAL\u00c8NCIA APPROUVE LA CONSTRUCTION DE LA PROMENADE ATTENDUE D&rsquo;ACC\u00c8S \u00c0 AIELO DE MALFERIT DEPUIS L&rsquo;AUTOROUTE A-7"}]},{"@type":"WebSite","@id":"https:\/\/www.vielca.com\/fr#website","url":"https:\/\/www.vielca.com\/fr","name":"Vielca Ingenieros","description":"El referente en la ingenier\u00eda","publisher":{"@id":"https:\/\/www.vielca.com\/fr#organization"},"potentialAction":[{"@type":"SearchAction","target":{"@type":"EntryPoint","urlTemplate":"https:\/\/www.vielca.com\/fr?s={search_term_string}"},"query-input":{"@type":"PropertyValueSpecification","valueRequired":true,"valueName":"search_term_string"}}],"inLanguage":"fr-FR"},{"@type":"Organization","@id":"https:\/\/www.vielca.com\/fr#organization","name":"Vielca Ingenieros","url":"https:\/\/www.vielca.com\/fr","logo":{"@type":"ImageObject","inLanguage":"fr-FR","@id":"https:\/\/www.vielca.com\/fr#\/schema\/logo\/image\/","url":"https:\/\/www.vielca.com\/wp-content\/uploads\/2022\/10\/VIELCA-INGENIEROS-logotipo.png","contentUrl":"https:\/\/www.vielca.com\/wp-content\/uploads\/2022\/10\/VIELCA-INGENIEROS-logotipo.png","width":1527,"height":477,"caption":"Vielca Ingenieros"},"image":{"@id":"https:\/\/www.vielca.com\/fr#\/schema\/logo\/image\/"},"sameAs":["https:\/\/www.linkedin.com\/company\/vielca-ingenieros-s.a.","https:\/\/www.instagram.com\/vielca_ingenieros\/"]},{"@type":"Person","@id":"https:\/\/www.vielca.com\/fr#\/schema\/person\/335b1a232be3346bf083ffa8038e9d3b","name":"Vielca","sameAs":["https:\/\/www.vielca.com"],"url":"https:\/\/www.vielca.com\/fr\/author\/vielca"}]}},"_links":{"self":[{"href":"https:\/\/www.vielca.com\/fr\/wp-json\/wp\/v2\/posts\/16128","targetHints":{"allow":["GET"]}}],"collection":[{"href":"https:\/\/www.vielca.com\/fr\/wp-json\/wp\/v2\/posts"}],"about":[{"href":"https:\/\/www.vielca.com\/fr\/wp-json\/wp\/v2\/types\/post"}],"author":[{"embeddable":true,"href":"https:\/\/www.vielca.com\/fr\/wp-json\/wp\/v2\/users\/1"}],"replies":[{"embeddable":true,"href":"https:\/\/www.vielca.com\/fr\/wp-json\/wp\/v2\/comments?post=16128"}],"version-history":[{"count":1,"href":"https:\/\/www.vielca.com\/fr\/wp-json\/wp\/v2\/posts\/16128\/revisions"}],"predecessor-version":[{"id":16129,"href":"https:\/\/www.vielca.com\/fr\/wp-json\/wp\/v2\/posts\/16128\/revisions\/16129"}],"wp:featuredmedia":[{"embeddable":true,"href":"https:\/\/www.vielca.com\/fr\/wp-json\/wp\/v2\/media\/16095"}],"wp:attachment":[{"href":"https:\/\/www.vielca.com\/fr\/wp-json\/wp\/v2\/media?parent=16128"}],"wp:term":[{"taxonomy":"category","embeddable":true,"href":"https:\/\/www.vielca.com\/fr\/wp-json\/wp\/v2\/categories?post=16128"},{"taxonomy":"post_tag","embeddable":true,"href":"https:\/\/www.vielca.com\/fr\/wp-json\/wp\/v2\/tags?post=16128"}],"curies":[{"name":"wp","href":"https:\/\/api.w.org\/{rel}","templated":true}]}}