{"id":18567,"date":"2025-01-30T09:38:11","date_gmt":"2025-01-30T09:38:11","guid":{"rendered":"https:\/\/www.vielca.com\/non-classifiee\/vielca-ingenieros-participe-a-la-33e-gala-des-prix-economia-3"},"modified":"2025-07-31T09:54:18","modified_gmt":"2025-07-31T09:54:18","slug":"vielca-ingenieros-participe-a-la-33e-gala-des-prix-economia-3","status":"publish","type":"post","link":"https:\/\/www.vielca.com\/fr\/nouvelles\/vielca-ingenieros-participe-a-la-33e-gala-des-prix-economia-3","title":{"rendered":"VIELCA INGENIEROS PARTICIPE \u00c0 LA 33e GALA DES PRIX ECONOMIA 3"},"content":{"rendered":"\t\t<div data-elementor-type=\"wp-post\" data-elementor-id=\"18567\" class=\"elementor elementor-18567 elementor-18425\" data-elementor-settings=\"{&quot;ha_cmc_init_switcher&quot;:&quot;no&quot;}\" data-elementor-post-type=\"post\">\n\t\t\t\t\t\t<section class=\"elementor-section elementor-top-section elementor-element elementor-element-3c9008e3 elementor-section-boxed elementor-section-height-default elementor-section-height-default\" data-id=\"3c9008e3\" data-element_type=\"section\" data-settings=\"{&quot;_ha_eqh_enable&quot;:false}\">\n\t\t\t\t\t\t<div class=\"elementor-container elementor-column-gap-default\">\n\t\t\t\t\t<div class=\"elementor-column elementor-col-100 elementor-top-column elementor-element elementor-element-796b9a60\" data-id=\"796b9a60\" data-element_type=\"column\">\n\t\t\t<div class=\"elementor-widget-wrap elementor-element-populated\">\n\t\t\t\t\t\t<div class=\"elementor-element elementor-element-20fb558e elementor-widget elementor-widget-text-editor\" data-id=\"20fb558e\" data-element_type=\"widget\" data-widget_type=\"text-editor.default\">\n\t\t\t\t<div class=\"elementor-widget-container\">\n\t\t\t\t\t\t\t\t\t<p>La 33e \u00e9dition de la Gala des Prix Econom\u00eda 3 a rassembl\u00e9 plus d&rsquo;un demi-millier d&rsquo;entrepreneurs, de dirigeants, d&rsquo;entit\u00e9s et de personnes issues du monde des affaires, de la politique et du monde associatif \u00e0 l&rsquo;Oceanogr\u00e0fic de Valence.<\/p>\n<p>Un gala qui a eu les \u00ab Valeurs \u00bb d&rsquo;entreprise comme fil conducteur, et au cours de laquelle les onze entreprises prim\u00e9es ont partag\u00e9 le r\u00f4le principal avec les familles des quatre entrepreneurs d\u00e9c\u00e9d\u00e9s dans la Dana, \u00e0 qui un hommage a \u00e9t\u00e9 rendu.<\/p>\n<p>Mais quels sont les valeurs qui caract\u00e9risent nos entrepreneurs et dirigeants ? Comme l&rsquo;a expliqu\u00e9 dans son discours <strong>Elisa Valero<\/strong>, directrice associ\u00e9e d&rsquo;\u00c9conomie 3, il s&rsquo;agit de <em>\u00abvaleurs humaines comme principes qui guident notre fa\u00e7on d&rsquo;\u00eatre, de penser et d&rsquo;agir, sans lesquelles il ne pourrait y avoir une gestion d&rsquo;entreprise excellente\u00bb.<\/em> <\/p>\n<p>\u00c0 cet \u00e9gard, Elisa Valero a mis en avant sept d&rsquo;entre eux pour que nous y r\u00e9fl\u00e9chissions, \u00e0 savoir <em>\u00ab le respect, la responsabilit\u00e9, l&rsquo;humilit\u00e9, l&rsquo;honn\u00eatet\u00e9, la loyaut\u00e9, la solidarit\u00e9 et la gratitude \u00bb.<\/em><\/p>\n<p>Vielca Ingenieros, en tant que membre du Club Econom\u00eda 3, et avec son directeur Vicente Candela, a particip\u00e9 \u00e0 la manifestation, soutenant les \u00ab valeurs \u00bb entrepreneuriales repr\u00e9sent\u00e9es lors de cette soir\u00e9e.<\/p>\n<p><a href=\"https:\/\/economia3.com\/2025\/01\/27\/689232-fotogaleria-premios-economia3-ovacion-sin-fin-para-grandes-historias-de-exito\">https:\/\/economia3.com\/2025\/01\/27\/689232-fotogaleria-premios-economia3-ovacion-sin-fin-para-grandes-historias-de-exito<\/a><\/p><\/p>\n\t\t\t\t\t\t\t\t<\/div>\n\t\t\t\t<\/div>\n\t\t\t\t<div class=\"elementor-element elementor-element-cc3908f elementor-widget elementor-widget-image\" data-id=\"cc3908f\" data-element_type=\"widget\" data-widget_type=\"image.default\">\n\t\t\t\t<div class=\"elementor-widget-container\">\n\t\t\t\t\t\t\t\t\t\t\t\t\t\t\t<img fetchpriority=\"high\" decoding=\"async\" width=\"768\" height=\"512\" src=\"https:\/\/www.vielca.com\/wp-content\/uploads\/2025\/01\/32-GALA-PREMIOS-84-1-768x512-1.jpg\" class=\"attachment-large size-large wp-image-18435\" alt=\"\" srcset=\"https:\/\/www.vielca.com\/wp-content\/uploads\/2025\/01\/32-GALA-PREMIOS-84-1-768x512-1.jpg 768w, https:\/\/www.vielca.com\/wp-content\/uploads\/2025\/01\/32-GALA-PREMIOS-84-1-768x512-1-300x200.jpg 300w\" sizes=\"(max-width: 768px) 100vw, 768px\" \/>\t\t\t\t\t\t\t\t\t\t\t\t\t\t\t<\/div>\n\t\t\t\t<\/div>\n\t\t\t\t\t<\/div>\n\t\t<\/div>\n\t\t\t\t\t<\/div>\n\t\t<\/section>\n\t\t\t\t<\/div>\n\t\t","protected":false},"excerpt":{"rendered":"<p>La 33e \u00e9dition de la Gala des Prix Econom\u00eda 3 a rassembl\u00e9 plus d&rsquo;un demi-millier d&rsquo;entrepreneurs, de dirigeants, d&rsquo;entit\u00e9s et de personnes issues du monde des affaires, de la politique et du monde associatif \u00e0 l&rsquo;Oceanogr\u00e0fic de Valence. Un gala qui a eu les \u00ab Valeurs \u00bb d&rsquo;entreprise comme fil conducteur, et au cours de [&hellip;]<\/p>\n","protected":false},"author":1,"featured_media":18428,"comment_status":"closed","ping_status":"closed","sticky":false,"template":"","format":"standard","meta":{"footnotes":""},"categories":[273,279],"tags":[],"class_list":["post-18567","post","type-post","status-publish","format-standard","has-post-thumbnail","hentry","category-non-classifiee","category-nouvelles"],"yoast_head":"<!-- This site is optimized with the Yoast SEO plugin v25.9 - https:\/\/yoast.com\/wordpress\/plugins\/seo\/ -->\r\n<title>VIELCA INGENIEROS PARTICIPE \u00c0 LA 33e GALA DES PRIX ECONOMIA 3 - Vielca Ingenieros<\/title>\r\n<meta name=\"robots\" content=\"index, follow, max-snippet:-1, max-image-preview:large, max-video-preview:-1\" \/>\r\n<link rel=\"canonical\" href=\"https:\/\/www.vielca.com\/fr\/nouvelles\/vielca-ingenieros-participe-a-la-33e-gala-des-prix-economia-3\" \/>\r\n<meta property=\"og:locale\" content=\"fr_FR\" \/>\r\n<meta property=\"og:type\" content=\"article\" \/>\r\n<meta property=\"og:title\" content=\"VIELCA INGENIEROS PARTICIPE \u00c0 LA 33e GALA DES PRIX ECONOMIA 3 - Vielca Ingenieros\" \/>\r\n<meta property=\"og:description\" content=\"La 33e \u00e9dition de la Gala des Prix Econom\u00eda 3 a rassembl\u00e9 plus d&rsquo;un demi-millier d&rsquo;entrepreneurs, de dirigeants, d&rsquo;entit\u00e9s et de personnes issues du monde des affaires, de la politique et du monde associatif \u00e0 l&rsquo;Oceanogr\u00e0fic de Valence. Un gala qui a eu les \u00ab Valeurs \u00bb d&rsquo;entreprise comme fil conducteur, et au cours de [&hellip;]\" \/>\r\n<meta property=\"og:url\" content=\"https:\/\/www.vielca.com\/fr\/nouvelles\/vielca-ingenieros-participe-a-la-33e-gala-des-prix-economia-3\" \/>\r\n<meta property=\"og:site_name\" content=\"Vielca Ingenieros\" \/>\r\n<meta property=\"article:published_time\" content=\"2025-01-30T09:38:11+00:00\" \/>\r\n<meta property=\"article:modified_time\" content=\"2025-07-31T09:54:18+00:00\" \/>\r\n<meta property=\"og:image\" content=\"https:\/\/www.vielca.com\/wp-content\/uploads\/2025\/01\/33-GALA-ECONOMIA3-PREMIOS-VIELCA.jpg\" \/>\r\n\t<meta property=\"og:image:width\" content=\"1125\" \/>\r\n\t<meta property=\"og:image:height\" content=\"750\" \/>\r\n\t<meta property=\"og:image:type\" content=\"image\/jpeg\" \/>\r\n<meta name=\"author\" content=\"Vielca\" \/>\r\n<meta name=\"twitter:card\" content=\"summary_large_image\" \/>\r\n<meta name=\"twitter:label1\" content=\"\u00c9crit par\" \/>\n\t<meta name=\"twitter:data1\" content=\"Vielca\" \/>\n\t<meta name=\"twitter:label2\" content=\"Dur\u00e9e de lecture estim\u00e9e\" \/>\n\t<meta name=\"twitter:data2\" content=\"1 minute\" \/>\r\n<script type=\"application\/ld+json\" class=\"yoast-schema-graph\">{\"@context\":\"https:\/\/schema.org\",\"@graph\":[{\"@type\":\"Article\",\"@id\":\"https:\/\/www.vielca.com\/fr\/nouvelles\/vielca-ingenieros-participe-a-la-33e-gala-des-prix-economia-3#article\",\"isPartOf\":{\"@id\":\"https:\/\/www.vielca.com\/fr\/nouvelles\/vielca-ingenieros-participe-a-la-33e-gala-des-prix-economia-3\"},\"author\":{\"name\":\"Vielca\",\"@id\":\"https:\/\/www.vielca.com\/fr#\/schema\/person\/335b1a232be3346bf083ffa8038e9d3b\"},\"headline\":\"VIELCA INGENIEROS PARTICIPE \u00c0 LA 33e GALA DES PRIX ECONOMIA 3\",\"datePublished\":\"2025-01-30T09:38:11+00:00\",\"dateModified\":\"2025-07-31T09:54:18+00:00\",\"mainEntityOfPage\":{\"@id\":\"https:\/\/www.vielca.com\/fr\/nouvelles\/vielca-ingenieros-participe-a-la-33e-gala-des-prix-economia-3\"},\"wordCount\":218,\"publisher\":{\"@id\":\"https:\/\/www.vielca.com\/fr#organization\"},\"image\":{\"@id\":\"https:\/\/www.vielca.com\/fr\/nouvelles\/vielca-ingenieros-participe-a-la-33e-gala-des-prix-economia-3#primaryimage\"},\"thumbnailUrl\":\"https:\/\/www.vielca.com\/wp-content\/uploads\/2025\/01\/33-GALA-ECONOMIA3-PREMIOS-VIELCA.jpg\",\"articleSection\":[\"Non classifi\u00e9(e)\",\"Nouvelles\"],\"inLanguage\":\"fr-FR\"},{\"@type\":\"WebPage\",\"@id\":\"https:\/\/www.vielca.com\/fr\/nouvelles\/vielca-ingenieros-participe-a-la-33e-gala-des-prix-economia-3\",\"url\":\"https:\/\/www.vielca.com\/fr\/nouvelles\/vielca-ingenieros-participe-a-la-33e-gala-des-prix-economia-3\",\"name\":\"VIELCA INGENIEROS PARTICIPE \u00c0 LA 33e GALA DES PRIX ECONOMIA 3 - Vielca Ingenieros\",\"isPartOf\":{\"@id\":\"https:\/\/www.vielca.com\/fr#website\"},\"primaryImageOfPage\":{\"@id\":\"https:\/\/www.vielca.com\/fr\/nouvelles\/vielca-ingenieros-participe-a-la-33e-gala-des-prix-economia-3#primaryimage\"},\"image\":{\"@id\":\"https:\/\/www.vielca.com\/fr\/nouvelles\/vielca-ingenieros-participe-a-la-33e-gala-des-prix-economia-3#primaryimage\"},\"thumbnailUrl\":\"https:\/\/www.vielca.com\/wp-content\/uploads\/2025\/01\/33-GALA-ECONOMIA3-PREMIOS-VIELCA.jpg\",\"datePublished\":\"2025-01-30T09:38:11+00:00\",\"dateModified\":\"2025-07-31T09:54:18+00:00\",\"breadcrumb\":{\"@id\":\"https:\/\/www.vielca.com\/fr\/nouvelles\/vielca-ingenieros-participe-a-la-33e-gala-des-prix-economia-3#breadcrumb\"},\"inLanguage\":\"fr-FR\",\"potentialAction\":[{\"@type\":\"ReadAction\",\"target\":[\"https:\/\/www.vielca.com\/fr\/nouvelles\/vielca-ingenieros-participe-a-la-33e-gala-des-prix-economia-3\"]}]},{\"@type\":\"ImageObject\",\"inLanguage\":\"fr-FR\",\"@id\":\"https:\/\/www.vielca.com\/fr\/nouvelles\/vielca-ingenieros-participe-a-la-33e-gala-des-prix-economia-3#primaryimage\",\"url\":\"https:\/\/www.vielca.com\/wp-content\/uploads\/2025\/01\/33-GALA-ECONOMIA3-PREMIOS-VIELCA.jpg\",\"contentUrl\":\"https:\/\/www.vielca.com\/wp-content\/uploads\/2025\/01\/33-GALA-ECONOMIA3-PREMIOS-VIELCA.jpg\",\"width\":1125,\"height\":750},{\"@type\":\"BreadcrumbList\",\"@id\":\"https:\/\/www.vielca.com\/fr\/nouvelles\/vielca-ingenieros-participe-a-la-33e-gala-des-prix-economia-3#breadcrumb\",\"itemListElement\":[{\"@type\":\"ListItem\",\"position\":1,\"name\":\"Portada\",\"item\":\"https:\/\/www.vielca.com\/fr\/accueil\"},{\"@type\":\"ListItem\",\"position\":2,\"name\":\"VIELCA INGENIEROS PARTICIPE \u00c0 LA 33e GALA DES PRIX ECONOMIA 3\"}]},{\"@type\":\"WebSite\",\"@id\":\"https:\/\/www.vielca.com\/fr#website\",\"url\":\"https:\/\/www.vielca.com\/fr\",\"name\":\"Vielca Ingenieros\",\"description\":\"El referente en la ingenier\u00eda\",\"publisher\":{\"@id\":\"https:\/\/www.vielca.com\/fr#organization\"},\"potentialAction\":[{\"@type\":\"SearchAction\",\"target\":{\"@type\":\"EntryPoint\",\"urlTemplate\":\"https:\/\/www.vielca.com\/fr?s={search_term_string}\"},\"query-input\":{\"@type\":\"PropertyValueSpecification\",\"valueRequired\":true,\"valueName\":\"search_term_string\"}}],\"inLanguage\":\"fr-FR\"},{\"@type\":\"Organization\",\"@id\":\"https:\/\/www.vielca.com\/fr#organization\",\"name\":\"Vielca Ingenieros\",\"url\":\"https:\/\/www.vielca.com\/fr\",\"logo\":{\"@type\":\"ImageObject\",\"inLanguage\":\"fr-FR\",\"@id\":\"https:\/\/www.vielca.com\/fr#\/schema\/logo\/image\/\",\"url\":\"https:\/\/www.vielca.com\/wp-content\/uploads\/2022\/10\/VIELCA-INGENIEROS-logotipo.png\",\"contentUrl\":\"https:\/\/www.vielca.com\/wp-content\/uploads\/2022\/10\/VIELCA-INGENIEROS-logotipo.png\",\"width\":1527,\"height\":477,\"caption\":\"Vielca Ingenieros\"},\"image\":{\"@id\":\"https:\/\/www.vielca.com\/fr#\/schema\/logo\/image\/\"},\"sameAs\":[\"https:\/\/www.linkedin.com\/company\/vielca-ingenieros-s.a.\",\"https:\/\/www.instagram.com\/vielca_ingenieros\/\"]},{\"@type\":\"Person\",\"@id\":\"https:\/\/www.vielca.com\/fr#\/schema\/person\/335b1a232be3346bf083ffa8038e9d3b\",\"name\":\"Vielca\",\"sameAs\":[\"https:\/\/www.vielca.com\"],\"url\":\"https:\/\/www.vielca.com\/fr\/author\/vielca\"}]}<\/script>\r\n<!-- \/ Yoast SEO plugin. -->","yoast_head_json":{"title":"VIELCA INGENIEROS PARTICIPE \u00c0 LA 33e GALA DES PRIX ECONOMIA 3 - Vielca Ingenieros","robots":{"index":"index","follow":"follow","max-snippet":"max-snippet:-1","max-image-preview":"max-image-preview:large","max-video-preview":"max-video-preview:-1"},"canonical":"https:\/\/www.vielca.com\/fr\/nouvelles\/vielca-ingenieros-participe-a-la-33e-gala-des-prix-economia-3","og_locale":"fr_FR","og_type":"article","og_title":"VIELCA INGENIEROS PARTICIPE \u00c0 LA 33e GALA DES PRIX ECONOMIA 3 - Vielca Ingenieros","og_description":"La 33e \u00e9dition de la Gala des Prix Econom\u00eda 3 a rassembl\u00e9 plus d&rsquo;un demi-millier d&rsquo;entrepreneurs, de dirigeants, d&rsquo;entit\u00e9s et de personnes issues du monde des affaires, de la politique et du monde associatif \u00e0 l&rsquo;Oceanogr\u00e0fic de Valence. Un gala qui a eu les \u00ab Valeurs \u00bb d&rsquo;entreprise comme fil conducteur, et au cours de [&hellip;]","og_url":"https:\/\/www.vielca.com\/fr\/nouvelles\/vielca-ingenieros-participe-a-la-33e-gala-des-prix-economia-3","og_site_name":"Vielca Ingenieros","article_published_time":"2025-01-30T09:38:11+00:00","article_modified_time":"2025-07-31T09:54:18+00:00","og_image":[{"width":1125,"height":750,"url":"https:\/\/www.vielca.com\/wp-content\/uploads\/2025\/01\/33-GALA-ECONOMIA3-PREMIOS-VIELCA.jpg","type":"image\/jpeg"}],"author":"Vielca","twitter_card":"summary_large_image","twitter_misc":{"\u00c9crit par":"Vielca","Dur\u00e9e de lecture estim\u00e9e":"1 minute"},"schema":{"@context":"https:\/\/schema.org","@graph":[{"@type":"Article","@id":"https:\/\/www.vielca.com\/fr\/nouvelles\/vielca-ingenieros-participe-a-la-33e-gala-des-prix-economia-3#article","isPartOf":{"@id":"https:\/\/www.vielca.com\/fr\/nouvelles\/vielca-ingenieros-participe-a-la-33e-gala-des-prix-economia-3"},"author":{"name":"Vielca","@id":"https:\/\/www.vielca.com\/fr#\/schema\/person\/335b1a232be3346bf083ffa8038e9d3b"},"headline":"VIELCA INGENIEROS PARTICIPE \u00c0 LA 33e GALA DES PRIX ECONOMIA 3","datePublished":"2025-01-30T09:38:11+00:00","dateModified":"2025-07-31T09:54:18+00:00","mainEntityOfPage":{"@id":"https:\/\/www.vielca.com\/fr\/nouvelles\/vielca-ingenieros-participe-a-la-33e-gala-des-prix-economia-3"},"wordCount":218,"publisher":{"@id":"https:\/\/www.vielca.com\/fr#organization"},"image":{"@id":"https:\/\/www.vielca.com\/fr\/nouvelles\/vielca-ingenieros-participe-a-la-33e-gala-des-prix-economia-3#primaryimage"},"thumbnailUrl":"https:\/\/www.vielca.com\/wp-content\/uploads\/2025\/01\/33-GALA-ECONOMIA3-PREMIOS-VIELCA.jpg","articleSection":["Non classifi\u00e9(e)","Nouvelles"],"inLanguage":"fr-FR"},{"@type":"WebPage","@id":"https:\/\/www.vielca.com\/fr\/nouvelles\/vielca-ingenieros-participe-a-la-33e-gala-des-prix-economia-3","url":"https:\/\/www.vielca.com\/fr\/nouvelles\/vielca-ingenieros-participe-a-la-33e-gala-des-prix-economia-3","name":"VIELCA INGENIEROS PARTICIPE \u00c0 LA 33e GALA DES PRIX ECONOMIA 3 - Vielca Ingenieros","isPartOf":{"@id":"https:\/\/www.vielca.com\/fr#website"},"primaryImageOfPage":{"@id":"https:\/\/www.vielca.com\/fr\/nouvelles\/vielca-ingenieros-participe-a-la-33e-gala-des-prix-economia-3#primaryimage"},"image":{"@id":"https:\/\/www.vielca.com\/fr\/nouvelles\/vielca-ingenieros-participe-a-la-33e-gala-des-prix-economia-3#primaryimage"},"thumbnailUrl":"https:\/\/www.vielca.com\/wp-content\/uploads\/2025\/01\/33-GALA-ECONOMIA3-PREMIOS-VIELCA.jpg","datePublished":"2025-01-30T09:38:11+00:00","dateModified":"2025-07-31T09:54:18+00:00","breadcrumb":{"@id":"https:\/\/www.vielca.com\/fr\/nouvelles\/vielca-ingenieros-participe-a-la-33e-gala-des-prix-economia-3#breadcrumb"},"inLanguage":"fr-FR","potentialAction":[{"@type":"ReadAction","target":["https:\/\/www.vielca.com\/fr\/nouvelles\/vielca-ingenieros-participe-a-la-33e-gala-des-prix-economia-3"]}]},{"@type":"ImageObject","inLanguage":"fr-FR","@id":"https:\/\/www.vielca.com\/fr\/nouvelles\/vielca-ingenieros-participe-a-la-33e-gala-des-prix-economia-3#primaryimage","url":"https:\/\/www.vielca.com\/wp-content\/uploads\/2025\/01\/33-GALA-ECONOMIA3-PREMIOS-VIELCA.jpg","contentUrl":"https:\/\/www.vielca.com\/wp-content\/uploads\/2025\/01\/33-GALA-ECONOMIA3-PREMIOS-VIELCA.jpg","width":1125,"height":750},{"@type":"BreadcrumbList","@id":"https:\/\/www.vielca.com\/fr\/nouvelles\/vielca-ingenieros-participe-a-la-33e-gala-des-prix-economia-3#breadcrumb","itemListElement":[{"@type":"ListItem","position":1,"name":"Portada","item":"https:\/\/www.vielca.com\/fr\/accueil"},{"@type":"ListItem","position":2,"name":"VIELCA INGENIEROS PARTICIPE \u00c0 LA 33e GALA DES PRIX ECONOMIA 3"}]},{"@type":"WebSite","@id":"https:\/\/www.vielca.com\/fr#website","url":"https:\/\/www.vielca.com\/fr","name":"Vielca Ingenieros","description":"El referente en la ingenier\u00eda","publisher":{"@id":"https:\/\/www.vielca.com\/fr#organization"},"potentialAction":[{"@type":"SearchAction","target":{"@type":"EntryPoint","urlTemplate":"https:\/\/www.vielca.com\/fr?s={search_term_string}"},"query-input":{"@type":"PropertyValueSpecification","valueRequired":true,"valueName":"search_term_string"}}],"inLanguage":"fr-FR"},{"@type":"Organization","@id":"https:\/\/www.vielca.com\/fr#organization","name":"Vielca Ingenieros","url":"https:\/\/www.vielca.com\/fr","logo":{"@type":"ImageObject","inLanguage":"fr-FR","@id":"https:\/\/www.vielca.com\/fr#\/schema\/logo\/image\/","url":"https:\/\/www.vielca.com\/wp-content\/uploads\/2022\/10\/VIELCA-INGENIEROS-logotipo.png","contentUrl":"https:\/\/www.vielca.com\/wp-content\/uploads\/2022\/10\/VIELCA-INGENIEROS-logotipo.png","width":1527,"height":477,"caption":"Vielca Ingenieros"},"image":{"@id":"https:\/\/www.vielca.com\/fr#\/schema\/logo\/image\/"},"sameAs":["https:\/\/www.linkedin.com\/company\/vielca-ingenieros-s.a.","https:\/\/www.instagram.com\/vielca_ingenieros\/"]},{"@type":"Person","@id":"https:\/\/www.vielca.com\/fr#\/schema\/person\/335b1a232be3346bf083ffa8038e9d3b","name":"Vielca","sameAs":["https:\/\/www.vielca.com"],"url":"https:\/\/www.vielca.com\/fr\/author\/vielca"}]}},"_links":{"self":[{"href":"https:\/\/www.vielca.com\/fr\/wp-json\/wp\/v2\/posts\/18567","targetHints":{"allow":["GET"]}}],"collection":[{"href":"https:\/\/www.vielca.com\/fr\/wp-json\/wp\/v2\/posts"}],"about":[{"href":"https:\/\/www.vielca.com\/fr\/wp-json\/wp\/v2\/types\/post"}],"author":[{"embeddable":true,"href":"https:\/\/www.vielca.com\/fr\/wp-json\/wp\/v2\/users\/1"}],"replies":[{"embeddable":true,"href":"https:\/\/www.vielca.com\/fr\/wp-json\/wp\/v2\/comments?post=18567"}],"version-history":[{"count":1,"href":"https:\/\/www.vielca.com\/fr\/wp-json\/wp\/v2\/posts\/18567\/revisions"}],"predecessor-version":[{"id":18568,"href":"https:\/\/www.vielca.com\/fr\/wp-json\/wp\/v2\/posts\/18567\/revisions\/18568"}],"wp:featuredmedia":[{"embeddable":true,"href":"https:\/\/www.vielca.com\/fr\/wp-json\/wp\/v2\/media\/18428"}],"wp:attachment":[{"href":"https:\/\/www.vielca.com\/fr\/wp-json\/wp\/v2\/media?parent=18567"}],"wp:term":[{"taxonomy":"category","embeddable":true,"href":"https:\/\/www.vielca.com\/fr\/wp-json\/wp\/v2\/categories?post=18567"},{"taxonomy":"post_tag","embeddable":true,"href":"https:\/\/www.vielca.com\/fr\/wp-json\/wp\/v2\/tags?post=18567"}],"curies":[{"name":"wp","href":"https:\/\/api.w.org\/{rel}","templated":true}]}}