{"id":18571,"date":"2025-01-22T11:05:24","date_gmt":"2025-01-22T11:05:24","guid":{"rendered":"https:\/\/www.vielca.com\/non-classifiee\/vielca-ingenieros-a-resume-letude-de-viabilite-du-reliement-ferroviaire-alcoy-alicante"},"modified":"2025-07-31T10:00:57","modified_gmt":"2025-07-31T10:00:57","slug":"vielca-ingenieros-a-resume-letude-de-viabilite-du-reliement-ferroviaire-alcoy-alicante","status":"publish","type":"post","link":"https:\/\/www.vielca.com\/fr\/nouvelles\/vielca-ingenieros-a-resume-letude-de-viabilite-du-reliement-ferroviaire-alcoy-alicante","title":{"rendered":"VIELCA INGENIEROS A R\u00c9SUM\u00c9 L&rsquo;\u00c9TUDE DE VIABILIT\u00c9 DU RELIEMENT FERROVIAIRE ALCOY-ALICANTE"},"content":{"rendered":"\t\t<div data-elementor-type=\"wp-post\" data-elementor-id=\"18571\" class=\"elementor elementor-18571 elementor-18374\" data-elementor-settings=\"{&quot;ha_cmc_init_switcher&quot;:&quot;no&quot;}\" data-elementor-post-type=\"post\">\n\t\t\t\t\t\t<section class=\"elementor-section elementor-top-section elementor-element elementor-element-507397d5 elementor-section-boxed elementor-section-height-default elementor-section-height-default\" data-id=\"507397d5\" data-element_type=\"section\" data-settings=\"{&quot;_ha_eqh_enable&quot;:false}\">\n\t\t\t\t\t\t<div class=\"elementor-container elementor-column-gap-default\">\n\t\t\t\t\t<div class=\"elementor-column elementor-col-100 elementor-top-column elementor-element elementor-element-dc57afc\" data-id=\"dc57afc\" data-element_type=\"column\">\n\t\t\t<div class=\"elementor-widget-wrap elementor-element-populated\">\n\t\t\t\t\t\t<div class=\"elementor-element elementor-element-6a6dd5a elementor-widget elementor-widget-text-editor\" data-id=\"6a6dd5a\" data-element_type=\"widget\" data-widget_type=\"text-editor.default\">\n\t\t\t\t<div class=\"elementor-widget-container\">\n\t\t\t\t\t\t\t\t\t<p>Le directeur de <a href=\"https:\/\/www.linkedin.com\/company\/vielca-ingenieros-s.a.\/\">VIELCA Ingenieros S.A<\/a>., Vicente Candela, accompagn\u00e9 d&rsquo;Alberto Vila, chef du d\u00e9partement Infrastructures de transport de VIELCA, et d&rsquo;Alfonso Jord\u00e1, ing\u00e9nieur et conseiller d&rsquo;Alcoy Industrial, a pr\u00e9sent\u00e9 l&rsquo;\u00e9tude de faisabilit\u00e9 du train Alcoy-Alicante le 3 janvier 2025.<\/p>\n<p>L&rsquo;\u00e9v\u00e9nement, qui a eu lieu au cercle industriel d&rsquo;Alcoi, a rassembl\u00e9 des autorit\u00e9s telles que Carlos Maz\u00f3n, pr\u00e9sident de la Generalitat, Toni P\u00e9rez, pr\u00e9sident de la Diputaci\u00f3n ou Toni Franc\u00e9s, maire d&rsquo;Alcoy, ainsi que d&rsquo;autres autorit\u00e9s de la r\u00e9gion.<\/p>\n<p>L&rsquo;\u00e9tude met sur la table quatre alternatives viables de connexion :<br \/>\u00b7&nbsp;&nbsp;&nbsp;&nbsp;&nbsp;&nbsp;&nbsp;Une \u00e0 travers Xixona ;<br \/>\u00b7&nbsp;&nbsp;&nbsp;&nbsp;&nbsp;&nbsp;&nbsp;La deuxi\u00e8me par Ibi, Tibi et Agost ;<br \/>\u00b7&nbsp;&nbsp;&nbsp;&nbsp;&nbsp;&nbsp;&nbsp;La troisi\u00e8me par Ibi, Castalla et Agost ;<br \/>\u00b7&nbsp;&nbsp;&nbsp;&nbsp;&nbsp;&nbsp;&nbsp;Et une derni\u00e8re option qui passerait par Ibi, Castalla et Villena.<\/p>\n<p>Ce projet ne se concentre pas seulement sur l&rsquo;am\u00e9lioration de la connectivit\u00e9 de la r\u00e9gion, mais aussi sur la promotion de la durabilit\u00e9 environnementale et du d\u00e9veloppement \u00e9conomique de la zone.<\/p>\n<p>Des sp\u00e9cialistes de Vielca ont particip\u00e9 \u00e0 l&rsquo;\u00e9tude dans les domaines du trac\u00e9, des chemins de fer, des transports, des structures, de l&rsquo;architecture et de l&rsquo;environnement.<\/p>\n<p>Le travail pr\u00e9sent\u00e9 a \u00e9t\u00e9 tr\u00e8s bien accueilli par les autorit\u00e9s pr\u00e9sentes et le Pr\u00e9sident de la Generalitat nous a encourag\u00e9s \u00e0 poursuivre l&rsquo;analyse d\u00e9taill\u00e9e de cette connexion.<\/p>\n\t\t\t\t\t\t\t\t<\/div>\n\t\t\t\t<\/div>\n\t\t\t\t<div class=\"elementor-element elementor-element-ff01ec8 elementor-arrows-position-inside elementor-pagination-position-outside elementor-widget elementor-widget-image-carousel\" data-id=\"ff01ec8\" data-element_type=\"widget\" data-settings=\"{&quot;slides_to_show&quot;:&quot;1&quot;,&quot;navigation&quot;:&quot;both&quot;,&quot;autoplay&quot;:&quot;yes&quot;,&quot;pause_on_hover&quot;:&quot;yes&quot;,&quot;pause_on_interaction&quot;:&quot;yes&quot;,&quot;autoplay_speed&quot;:5000,&quot;infinite&quot;:&quot;yes&quot;,&quot;effect&quot;:&quot;slide&quot;,&quot;speed&quot;:500}\" data-widget_type=\"image-carousel.default\">\n\t\t\t\t<div class=\"elementor-widget-container\">\n\t\t\t\t\t\t\t<div class=\"elementor-image-carousel-wrapper swiper\" role=\"region\" aria-roledescription=\"carousel\" aria-label=\"Carrusel de im\u00e1genes\" dir=\"ltr\">\n\t\t\t<div class=\"elementor-image-carousel swiper-wrapper\" aria-live=\"off\">\n\t\t\t\t\t\t\t\t<div class=\"swiper-slide\" role=\"group\" aria-roledescription=\"slide\" aria-label=\"1 sur 6\"><figure class=\"swiper-slide-inner\"><img decoding=\"async\" class=\"swiper-slide-image\" src=\"https:\/\/www.vielca.com\/wp-content\/uploads\/2025\/01\/2025-01-03-P1038173.jpg\" alt=\"2025 01 03 P1038173\" \/><\/figure><\/div><div class=\"swiper-slide\" role=\"group\" aria-roledescription=\"slide\" aria-label=\"2 sur 6\"><figure class=\"swiper-slide-inner\"><img decoding=\"async\" class=\"swiper-slide-image\" src=\"https:\/\/www.vielca.com\/wp-content\/uploads\/2025\/01\/1736419589041.jpg\" alt=\"1736419589041\" \/><\/figure><\/div><div class=\"swiper-slide\" role=\"group\" aria-roledescription=\"slide\" aria-label=\"3 sur 6\"><figure class=\"swiper-slide-inner\"><img decoding=\"async\" class=\"swiper-slide-image\" src=\"https:\/\/www.vielca.com\/wp-content\/uploads\/2025\/01\/1736419588974.jpg\" alt=\"1736419588974\" \/><\/figure><\/div><div class=\"swiper-slide\" role=\"group\" aria-roledescription=\"slide\" aria-label=\"4 sur 6\"><figure class=\"swiper-slide-inner\"><img decoding=\"async\" class=\"swiper-slide-image\" src=\"https:\/\/www.vielca.com\/wp-content\/uploads\/2025\/01\/2025-01-03-P1038187.jpg\" alt=\"2025 01 03 P1038187\" \/><\/figure><\/div><div class=\"swiper-slide\" role=\"group\" aria-roledescription=\"slide\" aria-label=\"5 sur 6\"><figure class=\"swiper-slide-inner\"><img decoding=\"async\" class=\"swiper-slide-image\" src=\"https:\/\/www.vielca.com\/wp-content\/uploads\/2025\/01\/2025-01-03-P1038183-1024x730.jpg\" alt=\"2025 01 03 P1038183\" \/><\/figure><\/div><div class=\"swiper-slide\" role=\"group\" aria-roledescription=\"slide\" aria-label=\"6 sur 6\"><figure class=\"swiper-slide-inner\"><img decoding=\"async\" class=\"swiper-slide-image\" src=\"https:\/\/www.vielca.com\/wp-content\/uploads\/2025\/01\/2025-01-03-P1038173.jpg\" alt=\"2025 01 03 P1038173\" \/><\/figure><\/div>\t\t\t<\/div>\n\t\t\t\t\t\t\t\t\t\t\t\t<div class=\"elementor-swiper-button elementor-swiper-button-prev\" role=\"button\" tabindex=\"0\">\n\t\t\t\t\t\t<i aria-hidden=\"true\" class=\"eicon-chevron-left\"><\/i>\t\t\t\t\t<\/div>\n\t\t\t\t\t<div class=\"elementor-swiper-button elementor-swiper-button-next\" role=\"button\" tabindex=\"0\">\n\t\t\t\t\t\t<i aria-hidden=\"true\" class=\"eicon-chevron-right\"><\/i>\t\t\t\t\t<\/div>\n\t\t\t\t\n\t\t\t\t\t\t\t\t\t<div class=\"swiper-pagination\"><\/div>\n\t\t\t\t\t\t\t\t\t<\/div>\n\t\t\t\t\t\t<\/div>\n\t\t\t\t<\/div>\n\t\t\t\t\t<\/div>\n\t\t<\/div>\n\t\t\t\t\t<\/div>\n\t\t<\/section>\n\t\t\t\t<\/div>\n\t\t","protected":false},"excerpt":{"rendered":"<p>Le directeur de VIELCA Ingenieros S.A., Vicente Candela, accompagn\u00e9 d&rsquo;Alberto Vila, chef du d\u00e9partement Infrastructures de transport de VIELCA, et d&rsquo;Alfonso Jord\u00e1, ing\u00e9nieur et conseiller d&rsquo;Alcoy Industrial, a pr\u00e9sent\u00e9 l&rsquo;\u00e9tude de faisabilit\u00e9 du train Alcoy-Alicante le 3 janvier 2025. L&rsquo;\u00e9v\u00e9nement, qui a eu lieu au cercle industriel d&rsquo;Alcoi, a rassembl\u00e9 des autorit\u00e9s telles que Carlos [&hellip;]<\/p>\n","protected":false},"author":1,"featured_media":18377,"comment_status":"closed","ping_status":"closed","sticky":false,"template":"","format":"standard","meta":{"footnotes":""},"categories":[279],"tags":[],"class_list":["post-18571","post","type-post","status-publish","format-standard","has-post-thumbnail","hentry","category-nouvelles"],"yoast_head":"<!-- This site is optimized with the Yoast SEO plugin v25.9 - https:\/\/yoast.com\/wordpress\/plugins\/seo\/ -->\r\n<title>VIELCA INGENIEROS A R\u00c9SUM\u00c9 L&#039;\u00c9TUDE DE VIABILIT\u00c9 DU RELIEMENT FERROVIAIRE ALCOY-ALICANTE - Vielca Ingenieros<\/title>\r\n<meta name=\"robots\" content=\"index, follow, max-snippet:-1, max-image-preview:large, max-video-preview:-1\" \/>\r\n<link rel=\"canonical\" href=\"https:\/\/www.vielca.com\/fr\/nouvelles\/vielca-ingenieros-a-resume-letude-de-viabilite-du-reliement-ferroviaire-alcoy-alicante\" \/>\r\n<meta property=\"og:locale\" content=\"fr_FR\" \/>\r\n<meta property=\"og:type\" content=\"article\" \/>\r\n<meta property=\"og:title\" content=\"VIELCA INGENIEROS A R\u00c9SUM\u00c9 L&#039;\u00c9TUDE DE VIABILIT\u00c9 DU RELIEMENT FERROVIAIRE ALCOY-ALICANTE - Vielca Ingenieros\" \/>\r\n<meta property=\"og:description\" content=\"Le directeur de VIELCA Ingenieros S.A., Vicente Candela, accompagn\u00e9 d&rsquo;Alberto Vila, chef du d\u00e9partement Infrastructures de transport de VIELCA, et d&rsquo;Alfonso Jord\u00e1, ing\u00e9nieur et conseiller d&rsquo;Alcoy Industrial, a pr\u00e9sent\u00e9 l&rsquo;\u00e9tude de faisabilit\u00e9 du train Alcoy-Alicante le 3 janvier 2025. L&rsquo;\u00e9v\u00e9nement, qui a eu lieu au cercle industriel d&rsquo;Alcoi, a rassembl\u00e9 des autorit\u00e9s telles que Carlos [&hellip;]\" \/>\r\n<meta property=\"og:url\" content=\"https:\/\/www.vielca.com\/fr\/nouvelles\/vielca-ingenieros-a-resume-letude-de-viabilite-du-reliement-ferroviaire-alcoy-alicante\" \/>\r\n<meta property=\"og:site_name\" content=\"Vielca Ingenieros\" \/>\r\n<meta property=\"article:published_time\" content=\"2025-01-22T11:05:24+00:00\" \/>\r\n<meta property=\"article:modified_time\" content=\"2025-07-31T10:00:57+00:00\" \/>\r\n<meta property=\"og:image\" content=\"https:\/\/www.vielca.com\/wp-content\/uploads\/2025\/01\/1735929105291.jpg\" \/>\r\n\t<meta property=\"og:image:width\" content=\"1600\" \/>\r\n\t<meta property=\"og:image:height\" content=\"1200\" \/>\r\n\t<meta property=\"og:image:type\" content=\"image\/jpeg\" \/>\r\n<meta name=\"author\" content=\"Vielca\" \/>\r\n<meta name=\"twitter:card\" content=\"summary_large_image\" \/>\r\n<meta name=\"twitter:label1\" content=\"\u00c9crit par\" \/>\n\t<meta name=\"twitter:data1\" content=\"Vielca\" \/>\n\t<meta name=\"twitter:label2\" content=\"Dur\u00e9e de lecture estim\u00e9e\" \/>\n\t<meta name=\"twitter:data2\" content=\"1 minute\" \/>\r\n<script type=\"application\/ld+json\" class=\"yoast-schema-graph\">{\"@context\":\"https:\/\/schema.org\",\"@graph\":[{\"@type\":\"Article\",\"@id\":\"https:\/\/www.vielca.com\/fr\/nouvelles\/vielca-ingenieros-a-resume-letude-de-viabilite-du-reliement-ferroviaire-alcoy-alicante#article\",\"isPartOf\":{\"@id\":\"https:\/\/www.vielca.com\/fr\/nouvelles\/vielca-ingenieros-a-resume-letude-de-viabilite-du-reliement-ferroviaire-alcoy-alicante\"},\"author\":{\"name\":\"Vielca\",\"@id\":\"https:\/\/www.vielca.com\/fr#\/schema\/person\/335b1a232be3346bf083ffa8038e9d3b\"},\"headline\":\"VIELCA INGENIEROS A R\u00c9SUM\u00c9 L&rsquo;\u00c9TUDE DE VIABILIT\u00c9 DU RELIEMENT FERROVIAIRE ALCOY-ALICANTE\",\"datePublished\":\"2025-01-22T11:05:24+00:00\",\"dateModified\":\"2025-07-31T10:00:57+00:00\",\"mainEntityOfPage\":{\"@id\":\"https:\/\/www.vielca.com\/fr\/nouvelles\/vielca-ingenieros-a-resume-letude-de-viabilite-du-reliement-ferroviaire-alcoy-alicante\"},\"wordCount\":271,\"publisher\":{\"@id\":\"https:\/\/www.vielca.com\/fr#organization\"},\"image\":{\"@id\":\"https:\/\/www.vielca.com\/fr\/nouvelles\/vielca-ingenieros-a-resume-letude-de-viabilite-du-reliement-ferroviaire-alcoy-alicante#primaryimage\"},\"thumbnailUrl\":\"https:\/\/www.vielca.com\/wp-content\/uploads\/2025\/01\/1735929105291.jpg\",\"articleSection\":[\"Nouvelles\"],\"inLanguage\":\"fr-FR\"},{\"@type\":\"WebPage\",\"@id\":\"https:\/\/www.vielca.com\/fr\/nouvelles\/vielca-ingenieros-a-resume-letude-de-viabilite-du-reliement-ferroviaire-alcoy-alicante\",\"url\":\"https:\/\/www.vielca.com\/fr\/nouvelles\/vielca-ingenieros-a-resume-letude-de-viabilite-du-reliement-ferroviaire-alcoy-alicante\",\"name\":\"VIELCA INGENIEROS A R\u00c9SUM\u00c9 L'\u00c9TUDE DE VIABILIT\u00c9 DU RELIEMENT FERROVIAIRE ALCOY-ALICANTE - Vielca Ingenieros\",\"isPartOf\":{\"@id\":\"https:\/\/www.vielca.com\/fr#website\"},\"primaryImageOfPage\":{\"@id\":\"https:\/\/www.vielca.com\/fr\/nouvelles\/vielca-ingenieros-a-resume-letude-de-viabilite-du-reliement-ferroviaire-alcoy-alicante#primaryimage\"},\"image\":{\"@id\":\"https:\/\/www.vielca.com\/fr\/nouvelles\/vielca-ingenieros-a-resume-letude-de-viabilite-du-reliement-ferroviaire-alcoy-alicante#primaryimage\"},\"thumbnailUrl\":\"https:\/\/www.vielca.com\/wp-content\/uploads\/2025\/01\/1735929105291.jpg\",\"datePublished\":\"2025-01-22T11:05:24+00:00\",\"dateModified\":\"2025-07-31T10:00:57+00:00\",\"breadcrumb\":{\"@id\":\"https:\/\/www.vielca.com\/fr\/nouvelles\/vielca-ingenieros-a-resume-letude-de-viabilite-du-reliement-ferroviaire-alcoy-alicante#breadcrumb\"},\"inLanguage\":\"fr-FR\",\"potentialAction\":[{\"@type\":\"ReadAction\",\"target\":[\"https:\/\/www.vielca.com\/fr\/nouvelles\/vielca-ingenieros-a-resume-letude-de-viabilite-du-reliement-ferroviaire-alcoy-alicante\"]}]},{\"@type\":\"ImageObject\",\"inLanguage\":\"fr-FR\",\"@id\":\"https:\/\/www.vielca.com\/fr\/nouvelles\/vielca-ingenieros-a-resume-letude-de-viabilite-du-reliement-ferroviaire-alcoy-alicante#primaryimage\",\"url\":\"https:\/\/www.vielca.com\/wp-content\/uploads\/2025\/01\/1735929105291.jpg\",\"contentUrl\":\"https:\/\/www.vielca.com\/wp-content\/uploads\/2025\/01\/1735929105291.jpg\",\"width\":1600,\"height\":1200},{\"@type\":\"BreadcrumbList\",\"@id\":\"https:\/\/www.vielca.com\/fr\/nouvelles\/vielca-ingenieros-a-resume-letude-de-viabilite-du-reliement-ferroviaire-alcoy-alicante#breadcrumb\",\"itemListElement\":[{\"@type\":\"ListItem\",\"position\":1,\"name\":\"Portada\",\"item\":\"https:\/\/www.vielca.com\/fr\/accueil\"},{\"@type\":\"ListItem\",\"position\":2,\"name\":\"VIELCA INGENIEROS A R\u00c9SUM\u00c9 L&rsquo;\u00c9TUDE DE VIABILIT\u00c9 DU RELIEMENT FERROVIAIRE ALCOY-ALICANTE\"}]},{\"@type\":\"WebSite\",\"@id\":\"https:\/\/www.vielca.com\/fr#website\",\"url\":\"https:\/\/www.vielca.com\/fr\",\"name\":\"Vielca Ingenieros\",\"description\":\"El referente en la ingenier\u00eda\",\"publisher\":{\"@id\":\"https:\/\/www.vielca.com\/fr#organization\"},\"potentialAction\":[{\"@type\":\"SearchAction\",\"target\":{\"@type\":\"EntryPoint\",\"urlTemplate\":\"https:\/\/www.vielca.com\/fr?s={search_term_string}\"},\"query-input\":{\"@type\":\"PropertyValueSpecification\",\"valueRequired\":true,\"valueName\":\"search_term_string\"}}],\"inLanguage\":\"fr-FR\"},{\"@type\":\"Organization\",\"@id\":\"https:\/\/www.vielca.com\/fr#organization\",\"name\":\"Vielca Ingenieros\",\"url\":\"https:\/\/www.vielca.com\/fr\",\"logo\":{\"@type\":\"ImageObject\",\"inLanguage\":\"fr-FR\",\"@id\":\"https:\/\/www.vielca.com\/fr#\/schema\/logo\/image\/\",\"url\":\"https:\/\/www.vielca.com\/wp-content\/uploads\/2022\/10\/VIELCA-INGENIEROS-logotipo.png\",\"contentUrl\":\"https:\/\/www.vielca.com\/wp-content\/uploads\/2022\/10\/VIELCA-INGENIEROS-logotipo.png\",\"width\":1527,\"height\":477,\"caption\":\"Vielca Ingenieros\"},\"image\":{\"@id\":\"https:\/\/www.vielca.com\/fr#\/schema\/logo\/image\/\"},\"sameAs\":[\"https:\/\/www.linkedin.com\/company\/vielca-ingenieros-s.a.\",\"https:\/\/www.instagram.com\/vielca_ingenieros\/\"]},{\"@type\":\"Person\",\"@id\":\"https:\/\/www.vielca.com\/fr#\/schema\/person\/335b1a232be3346bf083ffa8038e9d3b\",\"name\":\"Vielca\",\"sameAs\":[\"https:\/\/www.vielca.com\"],\"url\":\"https:\/\/www.vielca.com\/fr\/author\/vielca\"}]}<\/script>\r\n<!-- \/ Yoast SEO plugin. -->","yoast_head_json":{"title":"VIELCA INGENIEROS A R\u00c9SUM\u00c9 L'\u00c9TUDE DE VIABILIT\u00c9 DU RELIEMENT FERROVIAIRE ALCOY-ALICANTE - Vielca Ingenieros","robots":{"index":"index","follow":"follow","max-snippet":"max-snippet:-1","max-image-preview":"max-image-preview:large","max-video-preview":"max-video-preview:-1"},"canonical":"https:\/\/www.vielca.com\/fr\/nouvelles\/vielca-ingenieros-a-resume-letude-de-viabilite-du-reliement-ferroviaire-alcoy-alicante","og_locale":"fr_FR","og_type":"article","og_title":"VIELCA INGENIEROS A R\u00c9SUM\u00c9 L'\u00c9TUDE DE VIABILIT\u00c9 DU RELIEMENT FERROVIAIRE ALCOY-ALICANTE - Vielca Ingenieros","og_description":"Le directeur de VIELCA Ingenieros S.A., Vicente Candela, accompagn\u00e9 d&rsquo;Alberto Vila, chef du d\u00e9partement Infrastructures de transport de VIELCA, et d&rsquo;Alfonso Jord\u00e1, ing\u00e9nieur et conseiller d&rsquo;Alcoy Industrial, a pr\u00e9sent\u00e9 l&rsquo;\u00e9tude de faisabilit\u00e9 du train Alcoy-Alicante le 3 janvier 2025. L&rsquo;\u00e9v\u00e9nement, qui a eu lieu au cercle industriel d&rsquo;Alcoi, a rassembl\u00e9 des autorit\u00e9s telles que Carlos [&hellip;]","og_url":"https:\/\/www.vielca.com\/fr\/nouvelles\/vielca-ingenieros-a-resume-letude-de-viabilite-du-reliement-ferroviaire-alcoy-alicante","og_site_name":"Vielca Ingenieros","article_published_time":"2025-01-22T11:05:24+00:00","article_modified_time":"2025-07-31T10:00:57+00:00","og_image":[{"width":1600,"height":1200,"url":"https:\/\/www.vielca.com\/wp-content\/uploads\/2025\/01\/1735929105291.jpg","type":"image\/jpeg"}],"author":"Vielca","twitter_card":"summary_large_image","twitter_misc":{"\u00c9crit par":"Vielca","Dur\u00e9e de lecture estim\u00e9e":"1 minute"},"schema":{"@context":"https:\/\/schema.org","@graph":[{"@type":"Article","@id":"https:\/\/www.vielca.com\/fr\/nouvelles\/vielca-ingenieros-a-resume-letude-de-viabilite-du-reliement-ferroviaire-alcoy-alicante#article","isPartOf":{"@id":"https:\/\/www.vielca.com\/fr\/nouvelles\/vielca-ingenieros-a-resume-letude-de-viabilite-du-reliement-ferroviaire-alcoy-alicante"},"author":{"name":"Vielca","@id":"https:\/\/www.vielca.com\/fr#\/schema\/person\/335b1a232be3346bf083ffa8038e9d3b"},"headline":"VIELCA INGENIEROS A R\u00c9SUM\u00c9 L&rsquo;\u00c9TUDE DE VIABILIT\u00c9 DU RELIEMENT FERROVIAIRE ALCOY-ALICANTE","datePublished":"2025-01-22T11:05:24+00:00","dateModified":"2025-07-31T10:00:57+00:00","mainEntityOfPage":{"@id":"https:\/\/www.vielca.com\/fr\/nouvelles\/vielca-ingenieros-a-resume-letude-de-viabilite-du-reliement-ferroviaire-alcoy-alicante"},"wordCount":271,"publisher":{"@id":"https:\/\/www.vielca.com\/fr#organization"},"image":{"@id":"https:\/\/www.vielca.com\/fr\/nouvelles\/vielca-ingenieros-a-resume-letude-de-viabilite-du-reliement-ferroviaire-alcoy-alicante#primaryimage"},"thumbnailUrl":"https:\/\/www.vielca.com\/wp-content\/uploads\/2025\/01\/1735929105291.jpg","articleSection":["Nouvelles"],"inLanguage":"fr-FR"},{"@type":"WebPage","@id":"https:\/\/www.vielca.com\/fr\/nouvelles\/vielca-ingenieros-a-resume-letude-de-viabilite-du-reliement-ferroviaire-alcoy-alicante","url":"https:\/\/www.vielca.com\/fr\/nouvelles\/vielca-ingenieros-a-resume-letude-de-viabilite-du-reliement-ferroviaire-alcoy-alicante","name":"VIELCA INGENIEROS A R\u00c9SUM\u00c9 L'\u00c9TUDE DE VIABILIT\u00c9 DU RELIEMENT FERROVIAIRE ALCOY-ALICANTE - Vielca Ingenieros","isPartOf":{"@id":"https:\/\/www.vielca.com\/fr#website"},"primaryImageOfPage":{"@id":"https:\/\/www.vielca.com\/fr\/nouvelles\/vielca-ingenieros-a-resume-letude-de-viabilite-du-reliement-ferroviaire-alcoy-alicante#primaryimage"},"image":{"@id":"https:\/\/www.vielca.com\/fr\/nouvelles\/vielca-ingenieros-a-resume-letude-de-viabilite-du-reliement-ferroviaire-alcoy-alicante#primaryimage"},"thumbnailUrl":"https:\/\/www.vielca.com\/wp-content\/uploads\/2025\/01\/1735929105291.jpg","datePublished":"2025-01-22T11:05:24+00:00","dateModified":"2025-07-31T10:00:57+00:00","breadcrumb":{"@id":"https:\/\/www.vielca.com\/fr\/nouvelles\/vielca-ingenieros-a-resume-letude-de-viabilite-du-reliement-ferroviaire-alcoy-alicante#breadcrumb"},"inLanguage":"fr-FR","potentialAction":[{"@type":"ReadAction","target":["https:\/\/www.vielca.com\/fr\/nouvelles\/vielca-ingenieros-a-resume-letude-de-viabilite-du-reliement-ferroviaire-alcoy-alicante"]}]},{"@type":"ImageObject","inLanguage":"fr-FR","@id":"https:\/\/www.vielca.com\/fr\/nouvelles\/vielca-ingenieros-a-resume-letude-de-viabilite-du-reliement-ferroviaire-alcoy-alicante#primaryimage","url":"https:\/\/www.vielca.com\/wp-content\/uploads\/2025\/01\/1735929105291.jpg","contentUrl":"https:\/\/www.vielca.com\/wp-content\/uploads\/2025\/01\/1735929105291.jpg","width":1600,"height":1200},{"@type":"BreadcrumbList","@id":"https:\/\/www.vielca.com\/fr\/nouvelles\/vielca-ingenieros-a-resume-letude-de-viabilite-du-reliement-ferroviaire-alcoy-alicante#breadcrumb","itemListElement":[{"@type":"ListItem","position":1,"name":"Portada","item":"https:\/\/www.vielca.com\/fr\/accueil"},{"@type":"ListItem","position":2,"name":"VIELCA INGENIEROS A R\u00c9SUM\u00c9 L&rsquo;\u00c9TUDE DE VIABILIT\u00c9 DU RELIEMENT FERROVIAIRE ALCOY-ALICANTE"}]},{"@type":"WebSite","@id":"https:\/\/www.vielca.com\/fr#website","url":"https:\/\/www.vielca.com\/fr","name":"Vielca Ingenieros","description":"El referente en la ingenier\u00eda","publisher":{"@id":"https:\/\/www.vielca.com\/fr#organization"},"potentialAction":[{"@type":"SearchAction","target":{"@type":"EntryPoint","urlTemplate":"https:\/\/www.vielca.com\/fr?s={search_term_string}"},"query-input":{"@type":"PropertyValueSpecification","valueRequired":true,"valueName":"search_term_string"}}],"inLanguage":"fr-FR"},{"@type":"Organization","@id":"https:\/\/www.vielca.com\/fr#organization","name":"Vielca Ingenieros","url":"https:\/\/www.vielca.com\/fr","logo":{"@type":"ImageObject","inLanguage":"fr-FR","@id":"https:\/\/www.vielca.com\/fr#\/schema\/logo\/image\/","url":"https:\/\/www.vielca.com\/wp-content\/uploads\/2022\/10\/VIELCA-INGENIEROS-logotipo.png","contentUrl":"https:\/\/www.vielca.com\/wp-content\/uploads\/2022\/10\/VIELCA-INGENIEROS-logotipo.png","width":1527,"height":477,"caption":"Vielca Ingenieros"},"image":{"@id":"https:\/\/www.vielca.com\/fr#\/schema\/logo\/image\/"},"sameAs":["https:\/\/www.linkedin.com\/company\/vielca-ingenieros-s.a.","https:\/\/www.instagram.com\/vielca_ingenieros\/"]},{"@type":"Person","@id":"https:\/\/www.vielca.com\/fr#\/schema\/person\/335b1a232be3346bf083ffa8038e9d3b","name":"Vielca","sameAs":["https:\/\/www.vielca.com"],"url":"https:\/\/www.vielca.com\/fr\/author\/vielca"}]}},"_links":{"self":[{"href":"https:\/\/www.vielca.com\/fr\/wp-json\/wp\/v2\/posts\/18571","targetHints":{"allow":["GET"]}}],"collection":[{"href":"https:\/\/www.vielca.com\/fr\/wp-json\/wp\/v2\/posts"}],"about":[{"href":"https:\/\/www.vielca.com\/fr\/wp-json\/wp\/v2\/types\/post"}],"author":[{"embeddable":true,"href":"https:\/\/www.vielca.com\/fr\/wp-json\/wp\/v2\/users\/1"}],"replies":[{"embeddable":true,"href":"https:\/\/www.vielca.com\/fr\/wp-json\/wp\/v2\/comments?post=18571"}],"version-history":[{"count":1,"href":"https:\/\/www.vielca.com\/fr\/wp-json\/wp\/v2\/posts\/18571\/revisions"}],"predecessor-version":[{"id":18572,"href":"https:\/\/www.vielca.com\/fr\/wp-json\/wp\/v2\/posts\/18571\/revisions\/18572"}],"wp:featuredmedia":[{"embeddable":true,"href":"https:\/\/www.vielca.com\/fr\/wp-json\/wp\/v2\/media\/18377"}],"wp:attachment":[{"href":"https:\/\/www.vielca.com\/fr\/wp-json\/wp\/v2\/media?parent=18571"}],"wp:term":[{"taxonomy":"category","embeddable":true,"href":"https:\/\/www.vielca.com\/fr\/wp-json\/wp\/v2\/categories?post=18571"},{"taxonomy":"post_tag","embeddable":true,"href":"https:\/\/www.vielca.com\/fr\/wp-json\/wp\/v2\/tags?post=18571"}],"curies":[{"name":"wp","href":"https:\/\/api.w.org\/{rel}","templated":true}]}}